{"id":70428,"date":"2020-04-09T19:41:02","date_gmt":"2020-04-09T22:41:02","guid":{"rendered":"http:\/\/pdt-rj.org.br\/?p=70428"},"modified":"2020-04-15T18:46:23","modified_gmt":"2020-04-15T21:46:23","slug":"lupi-vai-a-justica-para-impedir-abuso-dos-bancos","status":"publish","type":"post","link":"https:\/\/pdt-rj.org.br\/index.php\/lupi-vai-a-justica-para-impedir-abuso-dos-bancos\/","title":{"rendered":"Lupi vai \u00e0 Justi\u00e7a para impedir abuso dos bancos"},"content":{"rendered":"<p>O presidente nacional do PDT, Carlos Lupi, entrou hoje (9) com uma a\u00e7\u00e3o popular com pedido de tutela de urg\u00eancia contra a Uni\u00e3o Federal e o presidente do Banco Central, Roberto Campos Neto, para impedir que os bancos aumentem as taxas de juros e intensifiquem a rigidez nas exig\u00eancias de concess\u00e3o de cr\u00e9dito. A peti\u00e7\u00e3o<\/p>\n<p>No dia 23 de mar\u00e7o, o BC anunciou a redu\u00e7\u00e3o da al\u00edquota do compuls\u00f3rio sobre recursos a prazo de 25% para 17%. Na pr\u00e1tica, a institui\u00e7\u00e3o injetou dinheiro nos bancos para aumentar a liquidez do sistema financeiro nacional (circula\u00e7\u00e3o de dinheiro) durante a pandemia do coronav\u00edrus. Acontece que a medida do governo n\u00e3o exigiu contrapartida dos bancos que, agora, elevam suas taxas de juros e endurecem suas exig\u00eancias para conceder cr\u00e9dito.<\/p>\n<p>Para que a iniciativa do Governo tenha efeito, os bancos precisam repassar o benef\u00edcio \u00e0 popula\u00e7\u00e3o, na forma de concess\u00e3o de cr\u00e9dito \u00e0s empresas do mercado interno. Por isso, a a\u00e7\u00e3o movida por Lupi requer que o BC condicione \u201ca concess\u00e3o dos benef\u00edcios de liquidez advindos das medidas interventivas (redu\u00e7\u00e3o dos compuls\u00f3rios) \u00e0 apresenta\u00e7\u00e3o efetiva das novas linhas e carteiras de cr\u00e9ditos para o mercado produtivo interno pelos bancos interessados em obt\u00ea-los, sob pena de multa\u201d, discorre o documento.<\/p>\n<p>Clique no link abaixo para acessar a A\u00e7\u00e3o Popular.<\/p>\n<p><a href=\"http:\/\/pdt-rj.org.br\/wp-content\/uploads\/2020\/04\/PETICAO-INICIAL.protoc.pdf.pdf\">PETICAO INICIAL.protoc.pdf<\/a><\/p>\n<!-- AddThis Advanced Settings generic via filter on the_content --><!-- AddThis Share Buttons generic via filter on the_content -->","protected":false},"excerpt":{"rendered":"<p>O presidente nacional do PDT, Carlos Lupi, entrou hoje (9) com uma a\u00e7\u00e3o popular com pedido de tutela de urg\u00eancia contra a Uni\u00e3o Federal e o presidente do Banco Central, Roberto Campos Neto, para impedir que os bancos aumentem as taxas de juros e intensifiquem a rigidez nas exig\u00eancias de concess\u00e3o de cr\u00e9dito. A peti\u00e7\u00e3o&#8230;<!-- AddThis Advanced Settings generic via filter on wp_trim_excerpt --><!-- AddThis Share Buttons generic via filter on wp_trim_excerpt --><\/p>\n","protected":false},"author":17,"featured_media":70431,"comment_status":"closed","ping_status":"closed","sticky":false,"template":"","format":"standard","meta":{"_monsterinsights_skip_tracking":false,"_monsterinsights_sitenote_active":false,"_monsterinsights_sitenote_note":"","_monsterinsights_sitenote_category":0,"_uf_show_specific_survey":0,"_uf_disable_surveys":false,"footnotes":""},"categories":[1390,1401],"tags":[3441,3440,3438,3439,3442],"class_list":["post-70428","post","type-post","status-publish","format-standard","has-post-thumbnail","hentry","category-editorias","category-nacional","tag-abuso-dos-bancos","tag-aumento-de-juros","tag-banco-central","tag-cobranca-de-juros","tag-uniao-federal"],"acf":[],"_links":{"self":[{"href":"https:\/\/pdt-rj.org.br\/index.php\/wp-json\/wp\/v2\/posts\/70428","targetHints":{"allow":["GET"]}}],"collection":[{"href":"https:\/\/pdt-rj.org.br\/index.php\/wp-json\/wp\/v2\/posts"}],"about":[{"href":"https:\/\/pdt-rj.org.br\/index.php\/wp-json\/wp\/v2\/types\/post"}],"author":[{"embeddable":true,"href":"https:\/\/pdt-rj.org.br\/index.php\/wp-json\/wp\/v2\/users\/17"}],"replies":[{"embeddable":true,"href":"https:\/\/pdt-rj.org.br\/index.php\/wp-json\/wp\/v2\/comments?post=70428"}],"version-history":[{"count":5,"href":"https:\/\/pdt-rj.org.br\/index.php\/wp-json\/wp\/v2\/posts\/70428\/revisions"}],"predecessor-version":[{"id":70518,"href":"https:\/\/pdt-rj.org.br\/index.php\/wp-json\/wp\/v2\/posts\/70428\/revisions\/70518"}],"wp:featuredmedia":[{"embeddable":true,"href":"https:\/\/pdt-rj.org.br\/index.php\/wp-json\/wp\/v2\/media\/70431"}],"wp:attachment":[{"href":"https:\/\/pdt-rj.org.br\/index.php\/wp-json\/wp\/v2\/media?parent=70428"}],"wp:term":[{"taxonomy":"category","embeddable":true,"href":"https:\/\/pdt-rj.org.br\/index.php\/wp-json\/wp\/v2\/categories?post=70428"},{"taxonomy":"post_tag","embeddable":true,"href":"https:\/\/pdt-rj.org.br\/index.php\/wp-json\/wp\/v2\/tags?post=70428"}],"curies":[{"name":"wp","href":"https:\/\/api.w.org\/{rel}","templated":true}]}}