{"id":70420,"date":"2020-04-08T23:23:04","date_gmt":"2020-04-09T02:23:04","guid":{"rendered":"http:\/\/pdt-rj.org.br\/?p=70420"},"modified":"2020-04-13T13:49:30","modified_gmt":"2020-04-13T16:49:30","slug":"o-estado-ideal","status":"publish","type":"post","link":"https:\/\/pdt-rj.org.br\/index.php\/o-estado-ideal\/","title":{"rendered":"O Estado ideal"},"content":{"rendered":"<p>Esse momento de pandemia que estamos vivendo est\u00e1 revelando o importante papel do Estado nessas horas em que a popula\u00e7\u00e3o mais precisa. Embora seja um debate sempre atual no meio dos &#8220;palpiteiros&#8221; de economia e estudiosos tamb\u00e9m, agora ele ficou ainda mais not\u00e1vel. Afinal, qual o tamanho ideal do Estado? Se \u00e9 que existe um.<\/p>\n<p>Para responder essa pergunta, o Movimento Cultural Darcy Ribeiro (MCDR) e seus membros devem pensar sob a vis\u00e3o do Trabalhismo. Isso porque somos dessa corrente Pol\u00edtica que sempre defendeu um Estado soberano, forte e a servi\u00e7o dos interesses popular e coletivo. Mas isso n\u00e3o significa que seja um Estado opressor E que n\u00e3o permita e nem possibilite a livre iniciativa. Pelo contr\u00e1rio. Somos a favor de uma livre iniciativa que tenha como fim a soberania nacional. Que o interesse maior sempre seja o <strong>povo brasileiro<\/strong>.<\/p>\n<p>Isso n\u00e3o nos tira tamb\u00e9m a capacidade de sermos solid\u00e1rios com os povos que, mesmo diferentes, com outras culturas e outras realidades, t\u00eam em comum algo que sempre deve nos unir: a humanidade que nos une.<\/p>\n<p>Mais uma vez a crise econ\u00f4mica j\u00e1 anunciada, agora piorada pela pandemia mundial do Covid-19, volta a trazer para o debate o tamanho e import\u00e2ncia de um Estado forte e que ajude a superar a crise econ\u00f4mica e social, pois qual o fim da riqueza de uma na\u00e7\u00e3o sen\u00e3o estar a servi\u00e7o do seu povo? Todas as riquezas nacionais de quaisquer patrim\u00f4nio, devem sempre estar a servi\u00e7o da sua na\u00e7\u00e3o.<\/p>\n<p>Todas as na\u00e7\u00f5es mundiais, independente da suas plataformas econ\u00f4micas de organiza\u00e7\u00e3o, liberais ou progressistas, est\u00e3o agindo com o Estado grande, forte, interventor econ\u00f4mico e a servi\u00e7o da soberania nacional que hoje \u00e9 a sa\u00fade, e vida de seu povo. Assim deve ser o Estado! Aprendemos, desde Get\u00falio Vargas, que o Estado Brasileiro deve ser um grande mecanismo de desenvolvimento da na\u00e7\u00e3o possibilitando riquezas, desenvolvimento e garantias sociais. Um pa\u00eds como o Brasil que tem uma elite colonial, tem que ter um estado forte na garantia da promo\u00e7\u00e3o da igualdade social.<\/p>\n<p>Temos enraizados o machismo, racismo, homofobia e tantas outras mazelas de conv\u00edvio social que devem ser desconstru\u00eddas. Quem deve assegurar a prote\u00e7\u00e3o e garantir essa constru\u00e7\u00e3o \u00e9 o Estado.<\/p>\n<p>Nos governos petistas , foi not\u00f3rio alguns avan\u00e7os no Brasil, mas a l\u00f3gica rentista que a economia brasileira foi conduzida n\u00e3o trouxe a ruptura necess\u00e1ria para de fato o Brasil se tornar soberano e poder romper com a l\u00f3gica neocolonial. A proposta do Trabalhismo sempre foi antag\u00f4nica a isso. Sempre fomos a favor da ruptura dessa plataforma. Defendemos que todos os bens do Brasil sejam direcionados aos brasileiros. Seja na promo\u00e7\u00e3o de uma educa\u00e7\u00e3o libertadora e como ferramenta de desenvolvimento de um povo e uma na\u00e7\u00e3o, como defendeu e fez Darcy Ribeiro e Leonel Brizola com os Ciep&#8217;s.<\/p>\n<p>Ou atrav\u00e9s da pesquisa, da ci\u00eancia, das ind\u00fastrias, e da prote\u00e7\u00e3o das nossas riquezas naturais, produzindo sempre o bem estar social. A l\u00f3gica rentista ao mercado financeiro s\u00f3 permanece para manuten\u00e7\u00e3o da desigualdade social. N\u00e3o podemos oprimir quem produz nesse pa\u00eds e ficar ref\u00e9m da especula\u00e7\u00e3o e pagamento de juros, de uma agiotagem legalizada. O Brasil n\u00e3o pode ser ref\u00e9m dessa l\u00f3gica desse tal mercado, onde oprimi o trabalhador e o setor produtivo do pa\u00eds em prol de beneficiar uma elite com seus privil\u00e9gios. Continuaremos indignados com isso e lutando contra.<\/p>\n<p>Que possamos aprender que s\u00f3 existe justi\u00e7a social se houver combate a privil\u00e9gios e garantia dos direitos sociais, por isso um Estado forte se faz necess\u00e1rio. Nenhuma garantia individual pode ser mais importante que o bem coletivo!<\/p>\n<p><em><strong>*Roberto Viana J\u00fanior \u00e9 p<\/strong><strong>residente nacional do Movimento Cultural Darcy Ribeiro (MCDR) do PDT<\/strong><\/em><\/p>\n<!-- AddThis Advanced Settings generic via filter on the_content --><!-- AddThis Share Buttons generic via filter on the_content -->","protected":false},"excerpt":{"rendered":"<p>Esse momento de pandemia que estamos vivendo est\u00e1 revelando o importante papel do Estado nessas horas em que a popula\u00e7\u00e3o mais precisa. Embora seja um debate sempre atual no meio dos &#8220;palpiteiros&#8221; de economia e estudiosos tamb\u00e9m, agora ele ficou ainda mais not\u00e1vel. Afinal, qual o tamanho ideal do Estado? Se \u00e9 que existe um&#8230;.<!-- AddThis Advanced Settings generic via filter on wp_trim_excerpt --><!-- AddThis Share Buttons generic via filter on wp_trim_excerpt --><\/p>\n","protected":false},"author":17,"featured_media":70421,"comment_status":"closed","ping_status":"closed","sticky":false,"template":"","format":"standard","meta":{"_monsterinsights_skip_tracking":false,"_monsterinsights_sitenote_active":false,"_monsterinsights_sitenote_note":"","_monsterinsights_sitenote_category":0,"_uf_show_specific_survey":0,"_uf_disable_surveys":false,"footnotes":""},"categories":[1584,1390,2606],"tags":[1545,3348,277,437,55,565,3412,2450,3413,1933,2602,46],"class_list":["post-70420","post","type-post","status-publish","format-standard","has-post-thumbnail","hentry","category-artigos","category-editorias","category-movimento-cultural-darcy-ribeiro","tag-cieps","tag-covid-19","tag-darcy-ribeiro","tag-getulio-vargas","tag-homofobia","tag-leonel-brizola","tag-machismo","tag-movimento-cultural-darcy-ribeiro","tag-povo-brasileiro","tag-racismo","tag-roberto-viana","tag-trabalhismo"],"acf":[],"_links":{"self":[{"href":"https:\/\/pdt-rj.org.br\/index.php\/wp-json\/wp\/v2\/posts\/70420","targetHints":{"allow":["GET"]}}],"collection":[{"href":"https:\/\/pdt-rj.org.br\/index.php\/wp-json\/wp\/v2\/posts"}],"about":[{"href":"https:\/\/pdt-rj.org.br\/index.php\/wp-json\/wp\/v2\/types\/post"}],"author":[{"embeddable":true,"href":"https:\/\/pdt-rj.org.br\/index.php\/wp-json\/wp\/v2\/users\/17"}],"replies":[{"embeddable":true,"href":"https:\/\/pdt-rj.org.br\/index.php\/wp-json\/wp\/v2\/comments?post=70420"}],"version-history":[{"count":6,"href":"https:\/\/pdt-rj.org.br\/index.php\/wp-json\/wp\/v2\/posts\/70420\/revisions"}],"predecessor-version":[{"id":70479,"href":"https:\/\/pdt-rj.org.br\/index.php\/wp-json\/wp\/v2\/posts\/70420\/revisions\/70479"}],"wp:featuredmedia":[{"embeddable":true,"href":"https:\/\/pdt-rj.org.br\/index.php\/wp-json\/wp\/v2\/media\/70421"}],"wp:attachment":[{"href":"https:\/\/pdt-rj.org.br\/index.php\/wp-json\/wp\/v2\/media?parent=70420"}],"wp:term":[{"taxonomy":"category","embeddable":true,"href":"https:\/\/pdt-rj.org.br\/index.php\/wp-json\/wp\/v2\/categories?post=70420"},{"taxonomy":"post_tag","embeddable":true,"href":"https:\/\/pdt-rj.org.br\/index.php\/wp-json\/wp\/v2\/tags?post=70420"}],"curies":[{"name":"wp","href":"https:\/\/api.w.org\/{rel}","templated":true}]}}