{"id":70412,"date":"2020-04-08T10:54:43","date_gmt":"2020-04-08T13:54:43","guid":{"rendered":"http:\/\/pdt-rj.org.br\/?p=70412"},"modified":"2020-04-08T10:59:51","modified_gmt":"2020-04-08T13:59:51","slug":"wolney-queiroz-enaltece-trabalho-do-congresso-e-diz-nao-a-mp-do-contrato-verde-e-amarelo","status":"publish","type":"post","link":"https:\/\/pdt-rj.org.br\/index.php\/wolney-queiroz-enaltece-trabalho-do-congresso-e-diz-nao-a-mp-do-contrato-verde-e-amarelo\/","title":{"rendered":"Wolney Queiroz enaltece trabalho do Congresso e diz n\u00e3o \u00e0 MP do contrato Verde e Amarelo"},"content":{"rendered":"<p>O deputado federal Wolney Queiroz (PE), l\u00edder do PDT na C\u00e2mara, elogiou, por meio de v\u00eddeo confer\u00eancia, o trabalho do Congresso pela rapidez na an\u00e1lise e aprova\u00e7\u00e3o de mat\u00e9rias que fortalecem o combate ao covid-19. Disse ainda, que a manuten\u00e7\u00e3o do ministro da Sa\u00fade, Henrique Mandetta, frente \u00e0 pasta \u00e9 positiva para o Brasil. \u201cEntre a ci\u00eancia e o achismo, que ele (Mandetta) continue com a ci\u00eancia\u201d, frisou.<\/p>\n<p>O l\u00edder pedetista tamb\u00e9m aprovou a postura do presidente da C\u00e2mara, Rodrigo Maia (DEM-RJ) em cortar mais de R$ 150 milh\u00f5es em despesas da Casa para investimento em a\u00e7\u00f5es contra a pandemia. Para ele, essa medida \u00e9 exatamente o que precisa ser feito agora.<\/p>\n<p>\u201cVale ressaltar que n\u00f3s, do PDT, n\u00e3o somos a favor de projetos de austeridade fiscal, planos de demiss\u00f5es e vendas de estatais como prev\u00ea o Plano Mansueto. Neste momento, precisamos de rapidez, robustez e volume de recursos no combate \u00e0 Covid-19. N\u00f3s acreditamos que existem alternativas para o enfrentamento dessa crise\u201d.<\/p>\n<p>Wolney enfatizou ainda, que a MP 905, em an\u00e1lise na C\u00e2mara, precariza os direitos trabalhistas, n\u00e3o tem apoio da bancada pedetista. \u201cHoje (8\/04) continuamos em mais uma sess\u00e3o, firmes na luta pelos trabalhadores e pelo povo brasileiro.\u201d<\/p>\n<p>A Medida Provis\u00f3ria n\u00ba 905\/2019, publicada em 11 de novembro de 2019, alterou muitos pontos da Consolida\u00e7\u00e3o das Leis do Trabalho (CLT) e est\u00e1 sendo considerada uma \u201cminirreforma trabalhista\u201d. Tamb\u00e9m conhecida como Programa Emprego Verde e Amarelo, a MP introduz um novo modelo de contrato de trabalho com o objetivo de estimular a contrata\u00e7\u00e3o de jovens no in\u00edcio de carreira.<\/p>\n<!-- AddThis Advanced Settings generic via filter on the_content --><!-- AddThis Share Buttons generic via filter on the_content -->","protected":false},"excerpt":{"rendered":"<p>O deputado federal Wolney Queiroz (PE), l\u00edder do PDT na C\u00e2mara, elogiou, por meio de v\u00eddeo confer\u00eancia, o trabalho do Congresso pela rapidez na an\u00e1lise e aprova\u00e7\u00e3o de mat\u00e9rias que fortalecem o combate ao covid-19. Disse ainda, que a manuten\u00e7\u00e3o do ministro da Sa\u00fade, Henrique Mandetta, frente \u00e0 pasta \u00e9 positiva para o Brasil. \u201cEntre&#8230;<!-- AddThis Advanced Settings generic via filter on wp_trim_excerpt --><!-- AddThis Share Buttons generic via filter on wp_trim_excerpt --><\/p>\n","protected":false},"author":17,"featured_media":70418,"comment_status":"closed","ping_status":"closed","sticky":false,"template":"","format":"standard","meta":{"_monsterinsights_skip_tracking":false,"_monsterinsights_sitenote_active":false,"_monsterinsights_sitenote_note":"","_monsterinsights_sitenote_category":0,"_uf_show_specific_survey":0,"_uf_disable_surveys":false,"footnotes":""},"categories":[1390,1459],"tags":[3348,571,964],"class_list":["post-70412","post","type-post","status-publish","format-standard","has-post-thumbnail","hentry","category-editorias","category-congresso","tag-covid-19","tag-lider-do-pdt-na-camara","tag-wolney-queiroz"],"acf":[],"_links":{"self":[{"href":"https:\/\/pdt-rj.org.br\/index.php\/wp-json\/wp\/v2\/posts\/70412","targetHints":{"allow":["GET"]}}],"collection":[{"href":"https:\/\/pdt-rj.org.br\/index.php\/wp-json\/wp\/v2\/posts"}],"about":[{"href":"https:\/\/pdt-rj.org.br\/index.php\/wp-json\/wp\/v2\/types\/post"}],"author":[{"embeddable":true,"href":"https:\/\/pdt-rj.org.br\/index.php\/wp-json\/wp\/v2\/users\/17"}],"replies":[{"embeddable":true,"href":"https:\/\/pdt-rj.org.br\/index.php\/wp-json\/wp\/v2\/comments?post=70412"}],"version-history":[{"count":4,"href":"https:\/\/pdt-rj.org.br\/index.php\/wp-json\/wp\/v2\/posts\/70412\/revisions"}],"predecessor-version":[{"id":70417,"href":"https:\/\/pdt-rj.org.br\/index.php\/wp-json\/wp\/v2\/posts\/70412\/revisions\/70417"}],"wp:featuredmedia":[{"embeddable":true,"href":"https:\/\/pdt-rj.org.br\/index.php\/wp-json\/wp\/v2\/media\/70418"}],"wp:attachment":[{"href":"https:\/\/pdt-rj.org.br\/index.php\/wp-json\/wp\/v2\/media?parent=70412"}],"wp:term":[{"taxonomy":"category","embeddable":true,"href":"https:\/\/pdt-rj.org.br\/index.php\/wp-json\/wp\/v2\/categories?post=70412"},{"taxonomy":"post_tag","embeddable":true,"href":"https:\/\/pdt-rj.org.br\/index.php\/wp-json\/wp\/v2\/tags?post=70412"}],"curies":[{"name":"wp","href":"https:\/\/api.w.org\/{rel}","templated":true}]}}