{"id":70363,"date":"2020-04-03T22:37:32","date_gmt":"2020-04-04T01:37:32","guid":{"rendered":"http:\/\/pdt-rj.org.br\/?p=70363"},"modified":"2020-04-03T22:51:52","modified_gmt":"2020-04-04T01:51:52","slug":"primeiro-a-vida-depois-a-economia","status":"publish","type":"post","link":"https:\/\/pdt-rj.org.br\/index.php\/primeiro-a-vida-depois-a-economia\/","title":{"rendered":"Primeiro a vida, depois a economia"},"content":{"rendered":"<p>Estamos diante da maior crise sanit\u00e1ria vivida pelo mundo nos \u00faltimos cem anos, com crescentes n\u00fameros de casos de coronav\u00edrus em progress\u00e3o no Brasil e em Mato Grosso. No momento temos, al\u00e9m da ci\u00eancia, diversos exemplos entre os pa\u00edses atingidos, desde aqueles que agiram com antecipa\u00e7\u00e3o e pol\u00edticas de distanciamento social, aos de atitude retardat\u00e1ria, que priorizaram a economia acreditando numa equivocada teoria da imunidade. Conhecemos seus distintos desfechos.<\/p>\n<p>Pa\u00edses como a Alemanha e Portugal, mesmo dentro de uma Europa fortemente atingida pelo Covid-19, conseguiram taxas muito menores de infectados e v\u00edtimas fatais do que outros pa\u00edses que foram mais permissivos no in\u00edcio da pandemia, como It\u00e1lia, Espanha e EUA, que hoje contabilizam milhares de \u00f3bitos por dia.<\/p>\n<p>O distanciamento social se confirmou como o mais eficiente m\u00e9todo de conten\u00e7\u00e3o da transmiss\u00e3o e achatamento da curva de progress\u00e3o dos casos, para que n\u00e3o se sobrecarregue o sistema de sa\u00fade e para evitar com que pessoas assintom\u00e1ticas sejam vetores de transmiss\u00e3o do v\u00edrus.<\/p>\n<p>Somada ao pragmatismo do conhecimento emp\u00edrico est\u00e1 a ci\u00eancia. Pesquisadores brasileiros e estrangeiros v\u00eam repetidas vezes alertando para a chegada da pandemia ao Brasil, defendendo a quarentena, suspens\u00e3o de servi\u00e7os n\u00e3o essenciais e afastamento social. Hoje a imprensa, os v\u00eddeos e as fotos comprovam o cen\u00e1rio que se desenhava.<\/p>\n<p>\u00c9 nesse momento que testemunhamos a necessidade de um Sistema P\u00fablico de Sa\u00fade forte e consolidado, quando recorremos aos cientistas que dependem dos investimentos p\u00fablicos em ci\u00eancia, tecnologia e inova\u00e7\u00e3o, momento em que percebemos como s\u00e3o importantes as institui\u00e7\u00f5es p\u00fablicas direcionadas ao bem comum.<\/p>\n<p>Desde a confirma\u00e7\u00e3o do primeiro caso de Covid-19 em Mato Grosso, seguimos rigorosamente as orienta\u00e7\u00f5es da Organiza\u00e7\u00e3o Mundial da Sa\u00fade (OMS)\u00a0 e do Governo de Mato Grosso. Na Secretaria de Cultura, Esporte e Lazer, liberamos para home office todos os servidores dos grupos de risco. Os outros servidores seguem trabalhando com EPI, materiais de higiene, turno reduzido para seis horas di\u00e1rias e em regime de escalonamento, para que os servi\u00e7os essenciais da Secretaria n\u00e3o parem.<\/p>\n<p>Determinamos, desde 16 de mar\u00e7o, a suspens\u00e3o e adiamento de todos os eventos culturais e esportivos, sejam de realiza\u00e7\u00f5es pr\u00f3prias da Secretaria de Estado de Cultura, Esporte e Lazer, ou provenientes de parcerias, emendas e conv\u00eanios, por meio do Decreto n\u00ba 407\/2020 publicado pelo Governo Estadual.<\/p>\n<p>No Esporte mato-grossense, campeonatos, torneios e os Jogos Escolares da Juventude 2020 foram adiados e o Complexo Arena Pantanal est\u00e1 fechada. Na Cultura, est\u00e1 suspenso o atendimento ao p\u00fablico em todos os equipamentos culturais do Estado. Museu de Arte Sacra, Museu de Hist\u00f3ria Natural Casa Dom Aquino, Museu Resid\u00eancia dos Governadores, Galeria Lava P\u00e9s, Cine Teatro Cuiab\u00e1 e Casa Cuiabana est\u00e3o fechados ao p\u00fablico e tamb\u00e9m orientamos o adiamento dos eventos culturais privados, festivais, shows e apresenta\u00e7\u00f5es p\u00fablicas que re\u00fanam aglomera\u00e7\u00f5es.<\/p>\n<p>\u00c9 inevit\u00e1vel que todas essas medidas, absolutamente necess\u00e1rias, impactem a economia. Por\u00e9m, \u00e9 dever do Estado zelar pelas vidas humanas at\u00e9 que estejamos em uma situa\u00e7\u00e3o de seguran\u00e7a sanit\u00e1ria para retomar a economia em toda sua capacidade. E para a popula\u00e7\u00e3o sem acesso \u00e0 renda durante o per\u00edodo de distanciamento social, o Estado deve prover uma renda b\u00e1sica de aux\u00edlio.<\/p>\n<p>Nesse sentido, apoiamos veementemente o pacote rec\u00e9m aprovado pela C\u00e2mara dos Deputados e Senado Federal que oferece uma renda social aos brasileiros mais vulner\u00e1veis. Apesar do presidente Bolsonaro ter sancionado o projeto, ainda n\u00e3o h\u00e1 uma data definida para a transfer\u00eancia de renda, e \u00e9 preciso que seja urgente.<\/p>\n<p>Defendemos que o Estado brasileiro desenvolva programas de apoio \u00e0s micro e pequenas empresas que protejam os empregos at\u00e9 que retornem \u00e0s atividades. Subscrevemos tamb\u00e9m as orienta\u00e7\u00f5es do Ministro Mandetta, que tem exercido um aguerrido trabalho de gest\u00e3o da crise, e recentemente convocou todos os profissionais da sa\u00fade, inclusive os da Educa\u00e7\u00e3o F\u00edsica, classe da qual fa\u00e7o parte.<\/p>\n<p>Diferente de uma guerra, onde existem dois p\u00f3los contr\u00e1rios em conflito, a pandemia posiciona o v\u00edrus como um inimigo comum a todos. Mesmo sob distanciamento social, nunca estivemos t\u00e3o conectados uns aos outros, construindo redes de solidariedade e afeto que s\u00e3o absolutamente antag\u00f4nicas aos sentimentos despertados em uma guerra. \u00c9 por meio da empatia e do humanismo que encontraremos o caminho para atravessar esses duros tempos.<\/p>\n<p>Neste momento nosso compromisso \u00e9 com a vida humana, com as fam\u00edlias de todos aqueles que est\u00e3o sendo impactados, tanto na quest\u00e3o sanit\u00e1ria, quanto econ\u00f4mica. Vamos seguindo as orienta\u00e7\u00f5es das autoridades de sa\u00fade para permanecer em casa, quando h\u00e1 essa possibilidade, respeitar o distanciamento social, a suspens\u00e3o do com\u00e9rcio e servi\u00e7os n\u00e3o-essenciais, utiliza\u00e7\u00e3o consciente de equipamentos de prote\u00e7\u00e3o e tantas outras medidas tamb\u00e9m defendidas por diversos cientistas e institui\u00e7\u00f5es brasileiras e internacionais. E para atravessar esse duro caminho que temos pela frente, \u00e9 imprescind\u00edvel prosseguir construindo redes de solidariedade para garantir o desenvolvimento humano e social do Pa\u00eds.<\/p>\n<p>&nbsp;<\/p>\n<p><em><strong>*Allan Kardec Benitez \u00e9 professor da rede estadual de Educa\u00e7\u00e3o, possui mestrado e doutorado em Estudos de Cultura Contempor\u00e2nea pela UFMT, \u00e9 membro do Instituto Hist\u00f3rico e Geogr\u00e1fico de Mato Grosso, Secret\u00e1rio Estadual de Cultura, Esporte e Lazer de MT, deputado estadual licenciado e presidente do Diret\u00f3rio Estadual do PDT-MT.<\/strong><\/em><\/p>\n<!-- AddThis Advanced Settings generic via filter on the_content --><!-- AddThis Share Buttons generic via filter on the_content -->","protected":false},"excerpt":{"rendered":"<p>Estamos diante da maior crise sanit\u00e1ria vivida pelo mundo nos \u00faltimos cem anos, com crescentes n\u00fameros de casos de coronav\u00edrus em progress\u00e3o no Brasil e em Mato Grosso. No momento temos, al\u00e9m da ci\u00eancia, diversos exemplos entre os pa\u00edses atingidos, desde aqueles que agiram com antecipa\u00e7\u00e3o e pol\u00edticas de distanciamento social, aos de atitude retardat\u00e1ria,&#8230;<!-- AddThis Advanced Settings generic via filter on wp_trim_excerpt --><!-- AddThis Share Buttons generic via filter on wp_trim_excerpt --><\/p>\n","protected":false},"author":17,"featured_media":70364,"comment_status":"closed","ping_status":"closed","sticky":false,"template":"","format":"standard","meta":{"_monsterinsights_skip_tracking":false,"_monsterinsights_sitenote_active":false,"_monsterinsights_sitenote_note":"","_monsterinsights_sitenote_category":0,"_uf_show_specific_survey":0,"_uf_disable_surveys":false,"footnotes":""},"categories":[1584,1390],"tags":[3348,3390,3389,1124,57,3317,3391],"class_list":["post-70363","post","type-post","status-publish","format-standard","has-post-thumbnail","hentry","category-artigos","category-editorias","tag-covid-19","tag-distanciamento-social","tag-educacao-fisica","tag-mato-grosso","tag-oms","tag-organizacao-mundial-da-saude","tag-sistema-publico-de-saude"],"acf":[],"_links":{"self":[{"href":"https:\/\/pdt-rj.org.br\/index.php\/wp-json\/wp\/v2\/posts\/70363","targetHints":{"allow":["GET"]}}],"collection":[{"href":"https:\/\/pdt-rj.org.br\/index.php\/wp-json\/wp\/v2\/posts"}],"about":[{"href":"https:\/\/pdt-rj.org.br\/index.php\/wp-json\/wp\/v2\/types\/post"}],"author":[{"embeddable":true,"href":"https:\/\/pdt-rj.org.br\/index.php\/wp-json\/wp\/v2\/users\/17"}],"replies":[{"embeddable":true,"href":"https:\/\/pdt-rj.org.br\/index.php\/wp-json\/wp\/v2\/comments?post=70363"}],"version-history":[{"count":3,"href":"https:\/\/pdt-rj.org.br\/index.php\/wp-json\/wp\/v2\/posts\/70363\/revisions"}],"predecessor-version":[{"id":70367,"href":"https:\/\/pdt-rj.org.br\/index.php\/wp-json\/wp\/v2\/posts\/70363\/revisions\/70367"}],"wp:featuredmedia":[{"embeddable":true,"href":"https:\/\/pdt-rj.org.br\/index.php\/wp-json\/wp\/v2\/media\/70364"}],"wp:attachment":[{"href":"https:\/\/pdt-rj.org.br\/index.php\/wp-json\/wp\/v2\/media?parent=70363"}],"wp:term":[{"taxonomy":"category","embeddable":true,"href":"https:\/\/pdt-rj.org.br\/index.php\/wp-json\/wp\/v2\/categories?post=70363"},{"taxonomy":"post_tag","embeddable":true,"href":"https:\/\/pdt-rj.org.br\/index.php\/wp-json\/wp\/v2\/tags?post=70363"}],"curies":[{"name":"wp","href":"https:\/\/api.w.org\/{rel}","templated":true}]}}