{"id":70344,"date":"2020-04-02T21:35:53","date_gmt":"2020-04-03T00:35:53","guid":{"rendered":"http:\/\/pdt-rj.org.br\/?p=70344"},"modified":"2020-04-10T05:26:42","modified_gmt":"2020-04-10T08:26:42","slug":"oposicao-em-defesa-da-saude-dos-empregos-e-dos-salarios","status":"publish","type":"post","link":"https:\/\/pdt-rj.org.br\/index.php\/oposicao-em-defesa-da-saude-dos-empregos-e-dos-salarios\/","title":{"rendered":"Oposi\u00e7\u00e3o &#8211; Em defesa da sa\u00fade, dos empregos e dos sal\u00e1rios"},"content":{"rendered":"<p>Em nota, os partidos de oposi\u00e7\u00e3o \u2013 PT, Rede, PV, PSol, PSB, PDT, PCdoB e PCB \u2013 cobram dos bancos e institui\u00e7\u00f5es financeiras que tamb\u00e9m d\u00eaem alguma cota de sacrif\u00edcio diante da crise do coronav\u00edrus<\/p>\n<p>NOTA DOS PARTIDOS DE OPOSI\u00c7\u00c3O<\/p>\n<p>EM DEFESA DA SA\u00daDE, DOS EMPREGOS E DOS SAL\u00c1RIOS; COBRAR DOS BANQUEIROS SUA COTA NESTA CRISE<\/p>\n<p>Reunidos para analisar a conjuntura nacional e os impactos da crise do Coronav\u00edrus sobre a sa\u00fade p\u00fablica, a economia e a vida da popula\u00e7\u00e3o, os partidos pol\u00edticos de oposi\u00e7\u00e3o declaram:<\/p>\n<p>1) \u00c9 urgente mobilizar todos os recursos financeiros e log\u00edsticos para adquirir, dentro e fora do Pa\u00eds, equipamentos hospitalares e de prote\u00e7\u00e3o ao p\u00fablico e aos profissionais de sa\u00fade; oferecer leitos de UTIs e aplicar testes \u00e0 popula\u00e7\u00e3o nos par\u00e2metros m\u00e9dico-cient\u00edficos. Para dar uma amostra do atraso e insufici\u00eancia das a\u00e7\u00f5es no Brasil: apesar do remanejamento de R$ 5 bilh\u00f5es nas emendas or\u00e7ament\u00e1rias, apenas R$ 424 milh\u00f5es foram transferidos aos estados e somente esta semana chegaram ao pa\u00eds os 500 mil testes adquiridos na China, igual ao volume que a Alemanha aplica em apenas uma semana. \u00c9 preciso recuperar o precioso tempo perdido com os erros e a imprevid\u00eancia do governo federal nesta crise;<\/p>\n<p>2) Total apoio \u00e0 posi\u00e7\u00e3o manifestada em nota das Centrais Sindicais nacionais sobre a Medida Provis\u00f3ria 936, por desrespeitar as garantias constitucionais dos acordos coletivos e da atua\u00e7\u00e3o sindical em defesa do trabalhador, e por n\u00e3o garantir o emprego e os sal\u00e1rios;<\/p>\n<p>3) A oposi\u00e7\u00e3o vai atuar no Congresso Nacional para rejeitar a MP 936 e construir em conjunto uma proposta legislativa que garanta realmente a estabilidade no emprego e o pagamento dos sal\u00e1rios, nas empresas economicamente afetadas pela crise, especialmente as pequenas e m\u00e9dias que mais empregam;<\/p>\n<p>4) J\u00e1 passou da hora do sistema financeiro contribuir com parcela de seus bilion\u00e1rios e indecentes lucros para o esfor\u00e7o nacional contra o coronav\u00edrus e seus impactos; \u00e9 moralmente inaceit\u00e1vel que os banqueiros permane\u00e7am alheios a essa crise humanit\u00e1ria e que o governo continue cumulando o sistema de benef\u00edcios, sem exigir contrapartidas e sequer uma justa taxa\u00e7\u00e3o de seus lucros, no momento em que o pa\u00eds mais precisa.<\/p>\n<p>&nbsp;<\/p>\n<p style=\"text-align: center;\"><strong>Bras\u00edlia, 2 de abril de 2020<\/strong><\/p>\n<p style=\"text-align: center;\"><strong>Carlos Lupi, PDT<\/strong><br \/>\n<strong>Pedro Ivo Batista, Rede<\/strong><br \/>\n<strong>Jos\u00e9 Luiz Penna, PV<\/strong><br \/>\n<strong>Juliano Medeiros, PSOL<\/strong><br \/>\n<strong>Carlos Siqueira, PSB<\/strong><br \/>\n<strong>Gleisi Hoffmann, PT<\/strong><br \/>\n<strong>Luciana Santos, PCdoB<\/strong><br \/>\n<strong>Edmilson Costa, PCB<\/strong><\/p>\n<p>&nbsp;<\/p>\n<!-- AddThis Advanced Settings generic via filter on the_content --><!-- AddThis Share Buttons generic via filter on the_content -->","protected":false},"excerpt":{"rendered":"<p>Em nota, os partidos de oposi\u00e7\u00e3o \u2013 PT, Rede, PV, PSol, PSB, PDT, PCdoB e PCB \u2013 cobram dos bancos e institui\u00e7\u00f5es financeiras que tamb\u00e9m d\u00eaem alguma cota de sacrif\u00edcio diante da crise do coronav\u00edrus NOTA DOS PARTIDOS DE OPOSI\u00c7\u00c3O EM DEFESA DA SA\u00daDE, DOS EMPREGOS E DOS SAL\u00c1RIOS; COBRAR DOS BANQUEIROS SUA COTA NESTA&#8230;<!-- AddThis Advanced Settings generic via filter on wp_trim_excerpt --><!-- AddThis Share Buttons generic via filter on wp_trim_excerpt --><\/p>\n","protected":false},"author":17,"featured_media":70345,"comment_status":"closed","ping_status":"closed","sticky":false,"template":"","format":"standard","meta":{"_monsterinsights_skip_tracking":false,"_monsterinsights_sitenote_active":false,"_monsterinsights_sitenote_note":"","_monsterinsights_sitenote_category":0,"_uf_show_specific_survey":0,"_uf_disable_surveys":false,"footnotes":""},"categories":[1390,1401],"tags":[196,3316,38],"class_list":["post-70344","post","type-post","status-publish","format-standard","has-post-thumbnail","hentry","category-editorias","category-nacional","tag-carlos-lupi","tag-coronavirus","tag-pdt"],"acf":[],"_links":{"self":[{"href":"https:\/\/pdt-rj.org.br\/index.php\/wp-json\/wp\/v2\/posts\/70344","targetHints":{"allow":["GET"]}}],"collection":[{"href":"https:\/\/pdt-rj.org.br\/index.php\/wp-json\/wp\/v2\/posts"}],"about":[{"href":"https:\/\/pdt-rj.org.br\/index.php\/wp-json\/wp\/v2\/types\/post"}],"author":[{"embeddable":true,"href":"https:\/\/pdt-rj.org.br\/index.php\/wp-json\/wp\/v2\/users\/17"}],"replies":[{"embeddable":true,"href":"https:\/\/pdt-rj.org.br\/index.php\/wp-json\/wp\/v2\/comments?post=70344"}],"version-history":[{"count":5,"href":"https:\/\/pdt-rj.org.br\/index.php\/wp-json\/wp\/v2\/posts\/70344\/revisions"}],"predecessor-version":[{"id":70438,"href":"https:\/\/pdt-rj.org.br\/index.php\/wp-json\/wp\/v2\/posts\/70344\/revisions\/70438"}],"wp:featuredmedia":[{"embeddable":true,"href":"https:\/\/pdt-rj.org.br\/index.php\/wp-json\/wp\/v2\/media\/70345"}],"wp:attachment":[{"href":"https:\/\/pdt-rj.org.br\/index.php\/wp-json\/wp\/v2\/media?parent=70344"}],"wp:term":[{"taxonomy":"category","embeddable":true,"href":"https:\/\/pdt-rj.org.br\/index.php\/wp-json\/wp\/v2\/categories?post=70344"},{"taxonomy":"post_tag","embeddable":true,"href":"https:\/\/pdt-rj.org.br\/index.php\/wp-json\/wp\/v2\/tags?post=70344"}],"curies":[{"name":"wp","href":"https:\/\/api.w.org\/{rel}","templated":true}]}}