{"id":70119,"date":"2020-03-24T01:41:44","date_gmt":"2020-03-24T04:41:44","guid":{"rendered":"http:\/\/pdt-rj.org.br\/?p=70119"},"modified":"2020-03-28T02:15:54","modified_gmt":"2020-03-28T05:15:54","slug":"taxacao-de-grandes-fortunas-pode-ajudar-no-combate-ao-coronavirus-diz-weverton-rocha","status":"publish","type":"post","link":"https:\/\/pdt-rj.org.br\/index.php\/taxacao-de-grandes-fortunas-pode-ajudar-no-combate-ao-coronavirus-diz-weverton-rocha\/","title":{"rendered":"Taxa\u00e7\u00e3o de grandes fortunas pode ajudar no combate ao coronav\u00edrus, diz Weverton Rocha"},"content":{"rendered":"<p>O senador Weverton Rocha (PDT-MA) reiterou que o trabalhador n\u00e3o pode pagar a conta dos preju\u00edzos causados pela pandemia do coronav\u00edrus. Para o parlamentar, o papel do governo, neste momento, \u00e9 garantir renda para que as pessoas fiquem em casa e n\u00e3o corram risco de vida.<\/p>\n<p>\u201cTodos os l\u00edderes no mundo est\u00e3o fazendo isso. At\u00e9 de governos liberais. Sem renda, a popula\u00e7\u00e3o n\u00e3o vai comprar e somente as grandes empresas se salvar\u00e3o\u201d, enfatizou.<\/p>\n<p>De acordo com o senador, os trabalhadores precisam ter seus direitos protegidos e sua renda garantida.<\/p>\n<p>\u201c\u00c9 preciso priorizar a sa\u00fade das pessoas. N\u00e3o \u00e9 hora de discutir economia. Precisamos discutir sobre as vidas, sobre as pessoas. Al\u00e9m de um v\u00edrus que amea\u00e7a nossa sociedade, o presidente est\u00e1 fazendo um verdadeiro genoc\u00eddio com o emprego brasileiro. Isso \u00e9 grave! N\u00f3s n\u00e3o podemos ficar calados e achar que isso \u00e9 normal\u201d, afirmou Weverton, que disse ainda que as propostas defendidas pelo governo federal n\u00e3o podem continuar atacando os trabalhadores.<\/p>\n<p>\u201cIsso n\u00e3o pode acontecer dessa forma. Os mais pobres e as pequenas empresas s\u00e3o atacados diretamente. O presidente deveria convidar os bancos, que tiveram quase R$ 100 bilh\u00f5es de lucro no ano passado, para ajudar \u201d, ressaltou.<\/p>\n<p><strong>Taxa\u00e7\u00e3o de grandes fortunas<\/strong><\/p>\n<p>O senador sugeriu a taxa\u00e7\u00e3o das grandes fortunas para refor\u00e7ar o caixa do governo federal neste momento de crise. Ele defendeu incluir o novo imposto entre a fontes de recursos para combater a dissemina\u00e7\u00e3o do coronav\u00edrus.<\/p>\n<p>\u201c206 fam\u00edlias brasileiras, juntas, concentram a fortuna de R$ 1,2 trilh\u00e3o. Essas pessoas tamb\u00e9m precisam ser convidadas a pagar a conta, n\u00e3o somente o pobre, o assalariado\u201d, finalizou Weverton Rocha.<\/p>\n<!-- AddThis Advanced Settings generic via filter on the_content --><!-- AddThis Share Buttons generic via filter on the_content -->","protected":false},"excerpt":{"rendered":"<p>O senador Weverton Rocha (PDT-MA) reiterou que o trabalhador n\u00e3o pode pagar a conta dos preju\u00edzos causados pela pandemia do coronav\u00edrus. Para o parlamentar, o papel do governo, neste momento, \u00e9 garantir renda para que as pessoas fiquem em casa e n\u00e3o corram risco de vida. \u201cTodos os l\u00edderes no mundo est\u00e3o fazendo isso. At\u00e9&#8230;<!-- AddThis Advanced Settings generic via filter on wp_trim_excerpt --><!-- AddThis Share Buttons generic via filter on wp_trim_excerpt --><\/p>\n","protected":false},"author":17,"featured_media":70120,"comment_status":"closed","ping_status":"closed","sticky":false,"template":"","format":"standard","meta":{"_monsterinsights_skip_tracking":false,"_monsterinsights_sitenote_active":false,"_monsterinsights_sitenote_note":"","_monsterinsights_sitenote_category":0,"_uf_show_specific_survey":0,"_uf_disable_surveys":false,"footnotes":""},"categories":[1390],"tags":[3316,3353,857,3352,962],"class_list":["post-70119","post","type-post","status-publish","format-standard","has-post-thumbnail","hentry","category-editorias","tag-coronavirus","tag-governos-liberais","tag-saude","tag-taxacao-de-grandes-fortunas","tag-weverton-rocha"],"acf":[],"_links":{"self":[{"href":"https:\/\/pdt-rj.org.br\/index.php\/wp-json\/wp\/v2\/posts\/70119","targetHints":{"allow":["GET"]}}],"collection":[{"href":"https:\/\/pdt-rj.org.br\/index.php\/wp-json\/wp\/v2\/posts"}],"about":[{"href":"https:\/\/pdt-rj.org.br\/index.php\/wp-json\/wp\/v2\/types\/post"}],"author":[{"embeddable":true,"href":"https:\/\/pdt-rj.org.br\/index.php\/wp-json\/wp\/v2\/users\/17"}],"replies":[{"embeddable":true,"href":"https:\/\/pdt-rj.org.br\/index.php\/wp-json\/wp\/v2\/comments?post=70119"}],"version-history":[{"count":4,"href":"https:\/\/pdt-rj.org.br\/index.php\/wp-json\/wp\/v2\/posts\/70119\/revisions"}],"predecessor-version":[{"id":70244,"href":"https:\/\/pdt-rj.org.br\/index.php\/wp-json\/wp\/v2\/posts\/70119\/revisions\/70244"}],"wp:featuredmedia":[{"embeddable":true,"href":"https:\/\/pdt-rj.org.br\/index.php\/wp-json\/wp\/v2\/media\/70120"}],"wp:attachment":[{"href":"https:\/\/pdt-rj.org.br\/index.php\/wp-json\/wp\/v2\/media?parent=70119"}],"wp:term":[{"taxonomy":"category","embeddable":true,"href":"https:\/\/pdt-rj.org.br\/index.php\/wp-json\/wp\/v2\/categories?post=70119"},{"taxonomy":"post_tag","embeddable":true,"href":"https:\/\/pdt-rj.org.br\/index.php\/wp-json\/wp\/v2\/tags?post=70119"}],"curies":[{"name":"wp","href":"https:\/\/api.w.org\/{rel}","templated":true}]}}