{"id":70048,"date":"2020-03-19T15:33:50","date_gmt":"2020-03-19T18:33:50","guid":{"rendered":"http:\/\/pdt-rj.org.br\/?p=70048"},"modified":"2020-03-20T14:58:58","modified_gmt":"2020-03-20T17:58:58","slug":"decreto-de-calamidade-publica-no-brasil-sera-votado-amanha-pelo-senado","status":"publish","type":"post","link":"https:\/\/pdt-rj.org.br\/index.php\/decreto-de-calamidade-publica-no-brasil-sera-votado-amanha-pelo-senado\/","title":{"rendered":"Decreto de calamidade p\u00fablica no Brasil ser\u00e1 votado amanh\u00e3 pelo Senado"},"content":{"rendered":"<p>O senador Weverton Rocha (PDT-MA) ser\u00e1 o relator, no Senado, do projeto do governo federal que decreta estado de calamidade p\u00fablica no Brasil, por conta da pandemia do novo coronav\u00edrus. O relat\u00f3rio, a exemplo do que ocorreu na C\u00e2mara dos Deputados, ser\u00e1 pela aprova\u00e7\u00e3o do projeto.<\/p>\n<p>\u201cO momento requer a uni\u00e3o de todos\u201d, afirmou Weverton, que \u00e9 l\u00edder do PDT, partido de oposi\u00e7\u00e3o ao governo do presidente Jair Bolsonaro. O senador acredita que n\u00e3o haver\u00e1 oposi\u00e7\u00e3o ao projeto, pois todos os parlamentares, independente do partido, est\u00e3o conscientes da gravidade da situa\u00e7\u00e3o.<\/p>\n<p>A vota\u00e7\u00e3o dever\u00e1 ocorrer nesta sexta-feira (20), \u00e0s 11h, por meio do plen\u00e1rio virtual. Por n\u00e3o estar no grupo de risco da doen\u00e7a, Weverton estar\u00e1 presencialmente no Senado para relatar o projeto.<\/p>\n<p>O processo de vota\u00e7\u00e3o ocorrer\u00e1 pela internet ou por telefone. O sistema foi testado, nesta quinta-feira (19), pelos senadores Weverton Rocha, Ant\u00f4nio Anastasia (PSDB-MG) e Eduardo Gomes (MDB-TO).<\/p>\n<!-- AddThis Advanced Settings generic via filter on the_content --><!-- AddThis Share Buttons generic via filter on the_content -->","protected":false},"excerpt":{"rendered":"<p>O senador Weverton Rocha (PDT-MA) ser\u00e1 o relator, no Senado, do projeto do governo federal que decreta estado de calamidade p\u00fablica no Brasil, por conta da pandemia do novo coronav\u00edrus. O relat\u00f3rio, a exemplo do que ocorreu na C\u00e2mara dos Deputados, ser\u00e1 pela aprova\u00e7\u00e3o do projeto. \u201cO momento requer a uni\u00e3o de todos\u201d, afirmou Weverton,&#8230;<!-- AddThis Advanced Settings generic via filter on wp_trim_excerpt --><!-- AddThis Share Buttons generic via filter on wp_trim_excerpt --><\/p>\n","protected":false},"author":17,"featured_media":70049,"comment_status":"closed","ping_status":"closed","sticky":false,"template":"","format":"standard","meta":{"_monsterinsights_skip_tracking":false,"_monsterinsights_sitenote_active":false,"_monsterinsights_sitenote_note":"","_monsterinsights_sitenote_category":0,"_uf_show_specific_survey":0,"_uf_disable_surveys":false,"footnotes":""},"categories":[1390],"tags":[3316,3345],"class_list":["post-70048","post","type-post","status-publish","format-standard","has-post-thumbnail","hentry","category-editorias","tag-coronavirus","tag-estado-de-calamidade-publica"],"acf":[],"_links":{"self":[{"href":"https:\/\/pdt-rj.org.br\/index.php\/wp-json\/wp\/v2\/posts\/70048","targetHints":{"allow":["GET"]}}],"collection":[{"href":"https:\/\/pdt-rj.org.br\/index.php\/wp-json\/wp\/v2\/posts"}],"about":[{"href":"https:\/\/pdt-rj.org.br\/index.php\/wp-json\/wp\/v2\/types\/post"}],"author":[{"embeddable":true,"href":"https:\/\/pdt-rj.org.br\/index.php\/wp-json\/wp\/v2\/users\/17"}],"replies":[{"embeddable":true,"href":"https:\/\/pdt-rj.org.br\/index.php\/wp-json\/wp\/v2\/comments?post=70048"}],"version-history":[{"count":2,"href":"https:\/\/pdt-rj.org.br\/index.php\/wp-json\/wp\/v2\/posts\/70048\/revisions"}],"predecessor-version":[{"id":70064,"href":"https:\/\/pdt-rj.org.br\/index.php\/wp-json\/wp\/v2\/posts\/70048\/revisions\/70064"}],"wp:featuredmedia":[{"embeddable":true,"href":"https:\/\/pdt-rj.org.br\/index.php\/wp-json\/wp\/v2\/media\/70049"}],"wp:attachment":[{"href":"https:\/\/pdt-rj.org.br\/index.php\/wp-json\/wp\/v2\/media?parent=70048"}],"wp:term":[{"taxonomy":"category","embeddable":true,"href":"https:\/\/pdt-rj.org.br\/index.php\/wp-json\/wp\/v2\/categories?post=70048"},{"taxonomy":"post_tag","embeddable":true,"href":"https:\/\/pdt-rj.org.br\/index.php\/wp-json\/wp\/v2\/tags?post=70048"}],"curies":[{"name":"wp","href":"https:\/\/api.w.org\/{rel}","templated":true}]}}