{"id":70035,"date":"2020-03-19T12:28:27","date_gmt":"2020-03-19T15:28:27","guid":{"rendered":"http:\/\/pdt-rj.org.br\/?p=70035"},"modified":"2020-03-19T15:16:02","modified_gmt":"2020-03-19T18:16:02","slug":"pdt-nas-eleicoes-2020","status":"publish","type":"post","link":"https:\/\/pdt-rj.org.br\/index.php\/pdt-nas-eleicoes-2020\/","title":{"rendered":"PDT nas Elei\u00e7\u00f5es 2020"},"content":{"rendered":"<p><em>Filia\u00e7\u00f5es devem ser feitas online at\u00e9 do dia 4 de abril<\/em><\/p>\n<p>Interessados em participar das pr\u00f3ximas elei\u00e7\u00f5es como candidato do PDT a cargos eletivos nos munic\u00edpios t\u00eam at\u00e9 o dia 4 de abril para se filiar ao partido. A data est\u00e1 estipulada na <a href=\"http:\/\/www.tse.jus.br\/legislacao\/compilada\/res\/2019\/resolucao-no-23-606-de-17-de-dezembro-de-2019\">Resolu\u00e7\u00e3o n\u00ba 23.606\/2019<\/a>, do Tribunal Superior Eleitoral (TSE) \u2013 que define o Calend\u00e1rio Eleitoral para as Elei\u00e7\u00f5es 2020 \u2013, publicada no Di\u00e1rio de Justi\u00e7a Eletr\u00f4nico (DJe), no dia 17 de dezembro de 2019.<\/p>\n<p>Devido \u00e0 <a href=\"http:\/\/pdt-rj.org.br\/index.php\/coronavirus-comunicado-oficial-da-direcao-nacional-do-pdt\/\">quarentena<\/a> estabelecida em fun\u00e7\u00e3o da pandemia do coronav\u00edrus (COVID-19), as filia\u00e7\u00f5es at\u00e9 esta data n\u00e3o poder\u00e3o ser realizadas nas sedes do PDT. Os interessados devem faz\u00ea-lo online.<\/p>\n<p><strong> Clique <a href=\"http:\/\/filiapdt.org.br\/\">aqui<\/a> e filie-se.<\/strong><\/p>\n<p>A filia\u00e7\u00e3o online \u00e9 amparada pela <a href=\"http:\/\/sintse.tse.jus.br\/documentos\/2019\/Ago\/28\/diario-da-justica-eletronico-tse\/resolucao-no-23-596-de-20-de-agosto-de-2019-dispoe-sobre-a-filiacao-partidaria-institui-o-sistema-de\">Resolu\u00e7\u00e3o n\u00ba 23.596<\/a> da Decis\u00e3o n\u00ba 244\/2019 editada pelo TSE.<\/p>\n<!-- AddThis Advanced Settings generic via filter on the_content --><!-- AddThis Share Buttons generic via filter on the_content -->","protected":false},"excerpt":{"rendered":"<p>Filia\u00e7\u00f5es devem ser feitas online at\u00e9 do dia 4 de abril Interessados em participar das pr\u00f3ximas elei\u00e7\u00f5es como candidato do PDT a cargos eletivos nos munic\u00edpios t\u00eam at\u00e9 o dia 4 de abril para se filiar ao partido. A data est\u00e1 estipulada na Resolu\u00e7\u00e3o n\u00ba 23.606\/2019, do Tribunal Superior Eleitoral (TSE) \u2013 que define o&#8230;<!-- AddThis Advanced Settings generic via filter on wp_trim_excerpt --><!-- AddThis Share Buttons generic via filter on wp_trim_excerpt --><\/p>\n","protected":false},"author":17,"featured_media":70038,"comment_status":"closed","ping_status":"closed","sticky":false,"template":"","format":"standard","meta":{"_monsterinsights_skip_tracking":false,"_monsterinsights_sitenote_active":false,"_monsterinsights_sitenote_note":"","_monsterinsights_sitenote_category":0,"_uf_show_specific_survey":0,"_uf_disable_surveys":false,"footnotes":""},"categories":[3327,976],"tags":[],"class_list":["post-70035","post","type-post","status-publish","format-standard","has-post-thumbnail","hentry","category-eleicoes-2020","category-noticias-em-destaque"],"acf":[],"_links":{"self":[{"href":"https:\/\/pdt-rj.org.br\/index.php\/wp-json\/wp\/v2\/posts\/70035","targetHints":{"allow":["GET"]}}],"collection":[{"href":"https:\/\/pdt-rj.org.br\/index.php\/wp-json\/wp\/v2\/posts"}],"about":[{"href":"https:\/\/pdt-rj.org.br\/index.php\/wp-json\/wp\/v2\/types\/post"}],"author":[{"embeddable":true,"href":"https:\/\/pdt-rj.org.br\/index.php\/wp-json\/wp\/v2\/users\/17"}],"replies":[{"embeddable":true,"href":"https:\/\/pdt-rj.org.br\/index.php\/wp-json\/wp\/v2\/comments?post=70035"}],"version-history":[{"count":8,"href":"https:\/\/pdt-rj.org.br\/index.php\/wp-json\/wp\/v2\/posts\/70035\/revisions"}],"predecessor-version":[{"id":70047,"href":"https:\/\/pdt-rj.org.br\/index.php\/wp-json\/wp\/v2\/posts\/70035\/revisions\/70047"}],"wp:featuredmedia":[{"embeddable":true,"href":"https:\/\/pdt-rj.org.br\/index.php\/wp-json\/wp\/v2\/media\/70038"}],"wp:attachment":[{"href":"https:\/\/pdt-rj.org.br\/index.php\/wp-json\/wp\/v2\/media?parent=70035"}],"wp:term":[{"taxonomy":"category","embeddable":true,"href":"https:\/\/pdt-rj.org.br\/index.php\/wp-json\/wp\/v2\/categories?post=70035"},{"taxonomy":"post_tag","embeddable":true,"href":"https:\/\/pdt-rj.org.br\/index.php\/wp-json\/wp\/v2\/tags?post=70035"}],"curies":[{"name":"wp","href":"https:\/\/api.w.org\/{rel}","templated":true}]}}