{"id":69981,"date":"2020-03-16T16:02:32","date_gmt":"2020-03-16T19:02:32","guid":{"rendered":"http:\/\/pdt-rj.org.br\/?p=69981"},"modified":"2020-03-16T16:11:21","modified_gmt":"2020-03-16T19:11:21","slug":"observatorio-trabalhista-um-ano-do-governo-bolsonaro","status":"publish","type":"post","link":"https:\/\/pdt-rj.org.br\/index.php\/observatorio-trabalhista-um-ano-do-governo-bolsonaro\/","title":{"rendered":"Observat\u00f3rio Trabalhista &#8211; Um ano do Governo Bolsonaro"},"content":{"rendered":"<h3>Nosso objetivo \u00e9 gerar informa\u00e7\u00e3o apurada para a imprensa e, principalmente, para o povo brasileiro.<\/h3>\n<p>&nbsp;<\/p>\n<p><!-- \/wp:post-content --><\/p>\n<p><!-- wp:paragraph --><\/p>\n<p>Sobre o Observat\u00f3rio Trabalhista:<\/p>\n<p><!-- \/wp:paragraph --><\/p>\n<p><!-- wp:paragraph --><\/p>\n<p>Uma Plataforma de Avalia\u00e7\u00e3o do Governo. Uma Ferramenta colaborativa onde todos podem participar sugerindo indicadores e solu\u00e7\u00f5es para o pa\u00eds. Indicadores trimestrais de Economia, Sa\u00fade, Seguran\u00e7a, Educa\u00e7\u00e3o, Cultura, entre outros. Avan\u00e7o no debate da pol\u00edtica e do desenvolvimento do Brasil.<\/p>\n<p><!-- \/wp:paragraph --><\/p>\n<p><!-- wp:paragraph --><\/p>\n<p>Acesse abaixo a apresenta\u00e7\u00e3o do Observat\u00f3rio Trabalhista referente \u00e0 mar\u00e7o de 2020.<\/p>\n<p><a href=\"http:\/\/pdt-rj.org.br\/wp-content\/uploads\/2020\/03\/Observat\u00f3rio-Trabalhista-Um-ano-do-Governo-Bolsonaro.pdf\">Observat\u00f3rio Trabalhista &#8211; Um ano do Governo Bolsonaro<\/a><\/p>\n<!-- AddThis Advanced Settings generic via filter on the_content --><!-- AddThis Share Buttons generic via filter on the_content -->","protected":false},"excerpt":{"rendered":"<p>Nosso objetivo \u00e9 gerar informa\u00e7\u00e3o apurada para a imprensa e, principalmente, para o povo brasileiro. &nbsp; Sobre o Observat\u00f3rio Trabalhista: Uma Plataforma de Avalia\u00e7\u00e3o do Governo. Uma Ferramenta colaborativa onde todos podem participar sugerindo indicadores e solu\u00e7\u00f5es para o pa\u00eds. Indicadores trimestrais de Economia, Sa\u00fade, Seguran\u00e7a, Educa\u00e7\u00e3o, Cultura, entre outros. Avan\u00e7o no debate da pol\u00edtica&#8230;<!-- AddThis Advanced Settings generic via filter on wp_trim_excerpt --><!-- AddThis Share Buttons generic via filter on wp_trim_excerpt --><\/p>\n","protected":false},"author":17,"featured_media":63880,"comment_status":"closed","ping_status":"closed","sticky":false,"template":"","format":"standard","meta":{"_monsterinsights_skip_tracking":false,"_monsterinsights_sitenote_active":false,"_monsterinsights_sitenote_note":"","_monsterinsights_sitenote_category":0,"_uf_show_specific_survey":0,"_uf_disable_surveys":false,"footnotes":""},"categories":[977],"tags":[220,1640,332,338,3340,3341,857,863],"class_list":["post-69981","post","type-post","status-publish","format-standard","has-post-thumbnail","hentry","category-sem-categoria","tag-ciro-gomes","tag-cultura","tag-economia","tag-educacao","tag-observatorio-trabalhista","tag-oposicao-propositiva","tag-saude","tag-seguranca"],"acf":[],"_links":{"self":[{"href":"https:\/\/pdt-rj.org.br\/index.php\/wp-json\/wp\/v2\/posts\/69981","targetHints":{"allow":["GET"]}}],"collection":[{"href":"https:\/\/pdt-rj.org.br\/index.php\/wp-json\/wp\/v2\/posts"}],"about":[{"href":"https:\/\/pdt-rj.org.br\/index.php\/wp-json\/wp\/v2\/types\/post"}],"author":[{"embeddable":true,"href":"https:\/\/pdt-rj.org.br\/index.php\/wp-json\/wp\/v2\/users\/17"}],"replies":[{"embeddable":true,"href":"https:\/\/pdt-rj.org.br\/index.php\/wp-json\/wp\/v2\/comments?post=69981"}],"version-history":[{"count":2,"href":"https:\/\/pdt-rj.org.br\/index.php\/wp-json\/wp\/v2\/posts\/69981\/revisions"}],"predecessor-version":[{"id":69984,"href":"https:\/\/pdt-rj.org.br\/index.php\/wp-json\/wp\/v2\/posts\/69981\/revisions\/69984"}],"wp:featuredmedia":[{"embeddable":true,"href":"https:\/\/pdt-rj.org.br\/index.php\/wp-json\/wp\/v2\/media\/63880"}],"wp:attachment":[{"href":"https:\/\/pdt-rj.org.br\/index.php\/wp-json\/wp\/v2\/media?parent=69981"}],"wp:term":[{"taxonomy":"category","embeddable":true,"href":"https:\/\/pdt-rj.org.br\/index.php\/wp-json\/wp\/v2\/categories?post=69981"},{"taxonomy":"post_tag","embeddable":true,"href":"https:\/\/pdt-rj.org.br\/index.php\/wp-json\/wp\/v2\/tags?post=69981"}],"curies":[{"name":"wp","href":"https:\/\/api.w.org\/{rel}","templated":true}]}}