{"id":69929,"date":"2020-03-12T17:15:41","date_gmt":"2020-03-12T20:15:41","guid":{"rendered":"http:\/\/pdt-rj.org.br\/?p=69929"},"modified":"2020-03-18T13:33:18","modified_gmt":"2020-03-18T16:33:18","slug":"pdt-entra-com-acao-no-stf-para-que-bolsonaro-explique-em-juizo-acusacao-de-fraude-nas-eleicoes-de-2018","status":"publish","type":"post","link":"https:\/\/pdt-rj.org.br\/index.php\/pdt-entra-com-acao-no-stf-para-que-bolsonaro-explique-em-juizo-acusacao-de-fraude-nas-eleicoes-de-2018\/","title":{"rendered":"PDT entra com a\u00e7\u00e3o no STF para que Bolsonaro explique, em ju\u00edzo, acusa\u00e7\u00e3o de fraude nas elei\u00e7\u00f5es de 2018"},"content":{"rendered":"<p>Nessa quarta-feira (11), o PDT entrou com uma Interpela\u00e7\u00e3o Judicial no Supremo Tribunal Federal (STF), em nome do presidente nacional da legenda, Carlos Lupi, pedindo que Bolsonaro preste esclarecimentos em ju\u00edzo quanto \u00e0s acusa\u00e7\u00f5es desferidas no dia 9 de mar\u00e7o deste ano contra o Sistema Eleitoral do Pa\u00eds, ao afirmar ter sido v\u00edtima de fraude nas elei\u00e7\u00f5es de 2018.<\/p>\n<p>Na ocasi\u00e3o, Bolsonaro declarou que n\u00e3o ganhou no primeiro turno das elei\u00e7\u00f5es por fraude nas urnas e alegou ter provas. &#8220;Ap\u00f3s ser questionado sobre elas, desconversou&#8221;, comentou Lupi em sua rede social. &#8220;O presidente da Rep\u00fablica precisa come\u00e7ar a agir conforme demanda seu cargo&#8221;, completou o presidente do PDT, ao avaliar a fala de Bolsonaro conforme pode ser lida abaixo:<\/p>\n<p>&#8220;Minha campanha, eu acredito que, pelas provas que tenho em minhas m\u00e3os, que vou mostrar brevemente, eu tinha sido, eu fui eleito no primeiro turno, mas, no meu entender, teve fraude. E n\u00f3s temos n\u00e3o apenas palavra, n\u00f3s temos comprovado, brevemente eu quero mostrar&#8221;. (&#8230;) E n\u00f3s temos n\u00e3o apenas uma palavra. N\u00f3s temos comprovado, brevemente eu quero mostrar, porque n\u00f3s precisamos aprovar no Brasil um sistema seguro de apura\u00e7\u00e3o de votos. Caso contr\u00e1rio, pass\u00edvel de manipula\u00e7\u00e3o e de fraudes\u201d.<\/p>\n<p>Na a\u00e7\u00e3o, o PDT classifica as referidas acusa\u00e7\u00f5es como &#8216;grav\u00edssimas&#8217; e destaca o fato de que, al\u00e9m de repercutirem em todos os canais de comunica\u00e7\u00e3o, elas tamb\u00e9m foram alvo da indigna\u00e7\u00e3o manifesta de diversas autoridades, incluindo ministros do STF.<\/p>\n<p>O PDT ressalta que, de acordo com jurisprud\u00eancia do pr\u00f3prio STF,\u00a0 a pessoa jur\u00eddica pode ser considerada uma v\u00edtima do crime de difama\u00e7\u00e3o, j\u00e1 que sua reputa\u00e7\u00e3o e credibilidade podem ser abaladas por campanha difamat\u00f3ria.<\/p>\n<p>&#8220;N\u00e3o se pode ignorar, presente tais raz\u00f5es, os danos e os abalos que as pessoas jur\u00eddicas podem sofrer se forem v\u00edtimas de imputa\u00e7\u00f5es levianas e de fatos desabonadores do conceito e da dignidade que desfrutam na sociedade, m\u00e1xime um partido pol\u00edtico&#8221;, afirma a A\u00e7\u00e3o, que requer a determina\u00e7\u00e3o de notifica\u00e7\u00e3o para que, dentro do prazo legal, Bolsonaro preste as &#8220;explica\u00e7\u00f5es necess\u00e1rias, em especial para esclarecer se houve equ\u00edvoco nos dizeres proferidos em desfavor do regime democr\u00e1tico, da Justi\u00e7a Eleitoral, da confiabilidade e seguran\u00e7a do sistema eletr\u00f4nico de vota\u00e7\u00e3o, e do PDT&#8221;.<\/p>\n<p>Confira abaixo a \u00edntegra da Interpela\u00e7\u00e3o Judicial.<\/p>\n<p><a href=\"http:\/\/pdt-rj.org.br\/wp-content\/uploads\/2020\/03\/Interpela\u00e7\u00e3o-Judicial-do-PDT-Pedido-de-explica\u00e7\u00f5es-em-Ju\u00edzo-de-Bolsonaro.pdf\">Interpela\u00e7\u00e3o Judicial do PDT &#8211; Pedido de explica\u00e7\u00f5es em Ju\u00edzo de Bolsonaro<\/a><\/p>\n<!-- AddThis Advanced Settings generic via filter on the_content --><!-- AddThis Share Buttons generic via filter on the_content -->","protected":false},"excerpt":{"rendered":"<p>Nessa quarta-feira (11), o PDT entrou com uma Interpela\u00e7\u00e3o Judicial no Supremo Tribunal Federal (STF), em nome do presidente nacional da legenda, Carlos Lupi, pedindo que Bolsonaro preste esclarecimentos em ju\u00edzo quanto \u00e0s acusa\u00e7\u00f5es desferidas no dia 9 de mar\u00e7o deste ano contra o Sistema Eleitoral do Pa\u00eds, ao afirmar ter sido v\u00edtima de fraude&#8230;<!-- AddThis Advanced Settings generic via filter on wp_trim_excerpt --><!-- AddThis Share Buttons generic via filter on wp_trim_excerpt --><\/p>\n","protected":false},"author":17,"featured_media":67130,"comment_status":"closed","ping_status":"closed","sticky":false,"template":"","format":"standard","meta":{"_monsterinsights_skip_tracking":false,"_monsterinsights_sitenote_active":false,"_monsterinsights_sitenote_note":"","_monsterinsights_sitenote_category":0,"_uf_show_specific_survey":0,"_uf_disable_surveys":false,"footnotes":""},"categories":[1390,976],"tags":[],"class_list":["post-69929","post","type-post","status-publish","format-standard","has-post-thumbnail","hentry","category-editorias","category-noticias-em-destaque"],"acf":[],"_links":{"self":[{"href":"https:\/\/pdt-rj.org.br\/index.php\/wp-json\/wp\/v2\/posts\/69929","targetHints":{"allow":["GET"]}}],"collection":[{"href":"https:\/\/pdt-rj.org.br\/index.php\/wp-json\/wp\/v2\/posts"}],"about":[{"href":"https:\/\/pdt-rj.org.br\/index.php\/wp-json\/wp\/v2\/types\/post"}],"author":[{"embeddable":true,"href":"https:\/\/pdt-rj.org.br\/index.php\/wp-json\/wp\/v2\/users\/17"}],"replies":[{"embeddable":true,"href":"https:\/\/pdt-rj.org.br\/index.php\/wp-json\/wp\/v2\/comments?post=69929"}],"version-history":[{"count":3,"href":"https:\/\/pdt-rj.org.br\/index.php\/wp-json\/wp\/v2\/posts\/69929\/revisions"}],"predecessor-version":[{"id":70031,"href":"https:\/\/pdt-rj.org.br\/index.php\/wp-json\/wp\/v2\/posts\/69929\/revisions\/70031"}],"wp:featuredmedia":[{"embeddable":true,"href":"https:\/\/pdt-rj.org.br\/index.php\/wp-json\/wp\/v2\/media\/67130"}],"wp:attachment":[{"href":"https:\/\/pdt-rj.org.br\/index.php\/wp-json\/wp\/v2\/media?parent=69929"}],"wp:term":[{"taxonomy":"category","embeddable":true,"href":"https:\/\/pdt-rj.org.br\/index.php\/wp-json\/wp\/v2\/categories?post=69929"},{"taxonomy":"post_tag","embeddable":true,"href":"https:\/\/pdt-rj.org.br\/index.php\/wp-json\/wp\/v2\/tags?post=69929"}],"curies":[{"name":"wp","href":"https:\/\/api.w.org\/{rel}","templated":true}]}}