{"id":69913,"date":"2020-03-11T00:04:12","date_gmt":"2020-03-11T03:04:12","guid":{"rendered":"http:\/\/pdt-rj.org.br\/?p=69913"},"modified":"2020-03-16T17:36:23","modified_gmt":"2020-03-16T20:36:23","slug":"andre-figueiredo-e-novo-lider-da-oposicao-na-camara-dos-deputados","status":"publish","type":"post","link":"https:\/\/pdt-rj.org.br\/index.php\/andre-figueiredo-e-novo-lider-da-oposicao-na-camara-dos-deputados\/","title":{"rendered":"Andr\u00e9 Figueiredo \u00e9 novo l\u00edder da Oposi\u00e7\u00e3o na C\u00e2mara dos Deputados"},"content":{"rendered":"<p>O deputado Andr\u00e9 Figueiredo (PDT\/CE) foi indicado nesta ter\u00e7a-feira (10) como novo l\u00edder da Oposi\u00e7\u00e3o na C\u00e2mara dos Deputados.\u00a0 A escolha se deu ap\u00f3s di\u00e1logos com os partidos de Oposi\u00e7\u00e3o e a Presid\u00eancia da Casa. As lideran\u00e7as da Oposi\u00e7\u00e3o e da Minoria ter\u00e3o agora a mesma relev\u00e2ncia no papel institucional que lhes cabe, sendo instrumentos importantes no debate e resist\u00eancia no Legislativo.<\/p>\n<p><strong>Mini-perfil<\/strong><\/p>\n<p>Natural de Fortaleza (CE), Andr\u00e9 Peixoto Figueiredo Lima \u00e9 formado em economia (1987) e em direito (1995), pela Universidade Federal do Cear\u00e1 (UFC) e p\u00f3s-graduado em Com\u00e9rcio Exterior pela Universidade de Fortaleza (UNIFOR).<\/p>\n<p>Em 1984, filiou-se ao Partido Democr\u00e1tico Trabalhista. Fundou e foi o primeiro presidente da Juventude Socialista do Cear\u00e1 e logo, tornou-se membro do Diret\u00f3rio Nacional do partido, membro da Executiva Regional, presidente do Instituto Alberto Pasqualini Cear\u00e1, vice-presidente nacional da Funda\u00e7\u00e3o Leonel Brizola\/Alberto Pasqualini.<\/p>\n<p>Andr\u00e9 foi eleito como suplente de deputado e efetivado no mandato de deputado federal na legislatura 2003-2007, em 6 de janeiro de 2005. Desde ent\u00e3o, o parlamentar foi reeleito como titular nos pleitos subsequentes (2011-2015); (2015-2019) e (2019-2023). Nesse per\u00edodo, oscilou entre a lideran\u00e7a e a vice-lideran\u00e7a da bancada do partido na C\u00e2mara por algumas vezes.<\/p>\n<p>Em 2 de outubro de 2015, a convite da ent\u00e3o presidente da Rep\u00fablica Dilma Roussef, assumiu como ministro a pasta do Minist\u00e9rio das Comunica\u00e7\u00f5es.<\/p>\n<p>Tido pelo Departamento Intersindical de Assessoria Parlamentar (Diap), como um dos mais influentes do Congresso Nacional, por exercer real influ\u00eancia no processo decis\u00f3rio e sobre os atores nele envolvidos, Andr\u00e9 Figueiredo foi relator do projeto que assegurou 75% dos recursos do pr\u00e9-sal para a educa\u00e7\u00e3o e 25% para a sa\u00fade.<\/p>\n<p>Votou contra a PEC dos Gastos P\u00fablicos; Reforma Trabalhista; Reforma da Previd\u00eancia; e a favor do processo em que se pedia abertura de investiga\u00e7\u00e3o do ex- Presidente Michel Temer.<\/p>\n<!-- AddThis Advanced Settings generic via filter on the_content --><!-- AddThis Share Buttons generic via filter on the_content -->","protected":false},"excerpt":{"rendered":"<p>O deputado Andr\u00e9 Figueiredo (PDT\/CE) foi indicado nesta ter\u00e7a-feira (10) como novo l\u00edder da Oposi\u00e7\u00e3o na C\u00e2mara dos Deputados.\u00a0 A escolha se deu ap\u00f3s di\u00e1logos com os partidos de Oposi\u00e7\u00e3o e a Presid\u00eancia da Casa. As lideran\u00e7as da Oposi\u00e7\u00e3o e da Minoria ter\u00e3o agora a mesma relev\u00e2ncia no papel institucional que lhes cabe, sendo instrumentos&#8230;<!-- AddThis Advanced Settings generic via filter on wp_trim_excerpt --><!-- AddThis Share Buttons generic via filter on wp_trim_excerpt --><\/p>\n","protected":false},"author":17,"featured_media":50181,"comment_status":"closed","ping_status":"closed","sticky":false,"template":"","format":"standard","meta":{"_monsterinsights_skip_tracking":false,"_monsterinsights_sitenote_active":false,"_monsterinsights_sitenote_note":"","_monsterinsights_sitenote_category":0,"_uf_show_specific_survey":0,"_uf_disable_surveys":false,"footnotes":""},"categories":[3327,976],"tags":[34,3339,3338,38],"class_list":["post-69913","post","type-post","status-publish","format-standard","has-post-thumbnail","hentry","category-eleicoes-2020","category-noticias-em-destaque","tag-andre-figueiredo","tag-lideranca-da-minoria","tag-lideranca-da-oposicao","tag-pdt"],"acf":[],"_links":{"self":[{"href":"https:\/\/pdt-rj.org.br\/index.php\/wp-json\/wp\/v2\/posts\/69913","targetHints":{"allow":["GET"]}}],"collection":[{"href":"https:\/\/pdt-rj.org.br\/index.php\/wp-json\/wp\/v2\/posts"}],"about":[{"href":"https:\/\/pdt-rj.org.br\/index.php\/wp-json\/wp\/v2\/types\/post"}],"author":[{"embeddable":true,"href":"https:\/\/pdt-rj.org.br\/index.php\/wp-json\/wp\/v2\/users\/17"}],"replies":[{"embeddable":true,"href":"https:\/\/pdt-rj.org.br\/index.php\/wp-json\/wp\/v2\/comments?post=69913"}],"version-history":[{"count":5,"href":"https:\/\/pdt-rj.org.br\/index.php\/wp-json\/wp\/v2\/posts\/69913\/revisions"}],"predecessor-version":[{"id":69991,"href":"https:\/\/pdt-rj.org.br\/index.php\/wp-json\/wp\/v2\/posts\/69913\/revisions\/69991"}],"wp:featuredmedia":[{"embeddable":true,"href":"https:\/\/pdt-rj.org.br\/index.php\/wp-json\/wp\/v2\/media\/50181"}],"wp:attachment":[{"href":"https:\/\/pdt-rj.org.br\/index.php\/wp-json\/wp\/v2\/media?parent=69913"}],"wp:term":[{"taxonomy":"category","embeddable":true,"href":"https:\/\/pdt-rj.org.br\/index.php\/wp-json\/wp\/v2\/categories?post=69913"},{"taxonomy":"post_tag","embeddable":true,"href":"https:\/\/pdt-rj.org.br\/index.php\/wp-json\/wp\/v2\/tags?post=69913"}],"curies":[{"name":"wp","href":"https:\/\/api.w.org\/{rel}","templated":true}]}}