{"id":69703,"date":"2020-02-20T15:58:17","date_gmt":"2020-02-20T18:58:17","guid":{"rendered":"http:\/\/pdt-rj.org.br\/?p=69703"},"modified":"2020-02-20T15:59:08","modified_gmt":"2020-02-20T18:59:08","slug":"observatorio-da-democracia-vai-realizar-seminario-sobre-fake-news","status":"publish","type":"post","link":"https:\/\/pdt-rj.org.br\/index.php\/observatorio-da-democracia-vai-realizar-seminario-sobre-fake-news\/","title":{"rendered":"Observat\u00f3rio da Democracia vai realizar Semin\u00e1rio sobre Fake News"},"content":{"rendered":"<p>Representantes das Funda\u00e7\u00f5es que comp\u00f5em o Observat\u00f3rio da Democracia voltaram a se reunir hoje (20), na sede do PDT, em Bras\u00edlia. A reuni\u00e3o foi coordenada por Henrique Matthiesen, da Funda\u00e7\u00e3o Leonel Brizola-Alberto Pasqualini (FLB-AP), representando o presidente Manoel Dias.<\/p>\n<p>Um m\u00eas depois do primeiro encontro promovido pelo grupo este ano, os representantes das Funda\u00e7\u00f5es partid\u00e1rias debateram a organiza\u00e7\u00e3o de um Semin\u00e1rio sobre o exerc\u00edcio da democracia nas m\u00eddias sociais e os efeitos das <em>Fake News<\/em>.<\/p>\n<p>A sugest\u00e3o de Alexandre Navarro, da Funda\u00e7\u00e3o Jo\u00e3o Mangabeira (FMJ), \u00e9 que o evento seja realizado na capital federal, em abril, paralelo \u00e0 CPI das <em>Fake News<\/em> que se desdobra no Congresso. Em breve, o Observat\u00f3rio divulgar\u00e1 detalhes do Semin\u00e1rio.<\/p>\n<p>O Observat\u00f3rio da Democracia foi fundado no ano passado com o intuito de analisar as pr\u00e1ticas do Governo Bolsonaro e defender o Estado Democr\u00e1tico de Direito no Brasil. A entidade \u00e9 formada pelas Funda\u00e7\u00f5es: Leonel Brizola-Alberto Pasqualini (PDT); Perceu Ramos (PT); Jo\u00e3o Mangabeira (PSB); Lauro Campos e Marielle Franco (PSOL); Claudio Campos (PPL); Maur\u00edcio Grabois (PCdoB); e da Ordem Social (PROS).<\/p>\n<!-- AddThis Advanced Settings generic via filter on the_content --><!-- AddThis Share Buttons generic via filter on the_content -->","protected":false},"excerpt":{"rendered":"<p>Representantes das Funda\u00e7\u00f5es que comp\u00f5em o Observat\u00f3rio da Democracia voltaram a se reunir hoje (20), na sede do PDT, em Bras\u00edlia. A reuni\u00e3o foi coordenada por Henrique Matthiesen, da Funda\u00e7\u00e3o Leonel Brizola-Alberto Pasqualini (FLB-AP), representando o presidente Manoel Dias. Um m\u00eas depois do primeiro encontro promovido pelo grupo este ano, os representantes das Funda\u00e7\u00f5es partid\u00e1rias&#8230;<!-- AddThis Advanced Settings generic via filter on wp_trim_excerpt --><!-- AddThis Share Buttons generic via filter on wp_trim_excerpt --><\/p>\n","protected":false},"author":17,"featured_media":69704,"comment_status":"closed","ping_status":"closed","sticky":false,"template":"","format":"standard","meta":{"_monsterinsights_skip_tracking":false,"_monsterinsights_sitenote_active":false,"_monsterinsights_sitenote_note":"","_monsterinsights_sitenote_category":0,"_uf_show_specific_survey":0,"_uf_disable_surveys":false,"footnotes":""},"categories":[1390,3328,1401],"tags":[],"class_list":["post-69703","post","type-post","status-publish","format-standard","has-post-thumbnail","hentry","category-editorias","category-flb-ap","category-nacional"],"acf":[],"_links":{"self":[{"href":"https:\/\/pdt-rj.org.br\/index.php\/wp-json\/wp\/v2\/posts\/69703","targetHints":{"allow":["GET"]}}],"collection":[{"href":"https:\/\/pdt-rj.org.br\/index.php\/wp-json\/wp\/v2\/posts"}],"about":[{"href":"https:\/\/pdt-rj.org.br\/index.php\/wp-json\/wp\/v2\/types\/post"}],"author":[{"embeddable":true,"href":"https:\/\/pdt-rj.org.br\/index.php\/wp-json\/wp\/v2\/users\/17"}],"replies":[{"embeddable":true,"href":"https:\/\/pdt-rj.org.br\/index.php\/wp-json\/wp\/v2\/comments?post=69703"}],"version-history":[{"count":2,"href":"https:\/\/pdt-rj.org.br\/index.php\/wp-json\/wp\/v2\/posts\/69703\/revisions"}],"predecessor-version":[{"id":69706,"href":"https:\/\/pdt-rj.org.br\/index.php\/wp-json\/wp\/v2\/posts\/69703\/revisions\/69706"}],"wp:featuredmedia":[{"embeddable":true,"href":"https:\/\/pdt-rj.org.br\/index.php\/wp-json\/wp\/v2\/media\/69704"}],"wp:attachment":[{"href":"https:\/\/pdt-rj.org.br\/index.php\/wp-json\/wp\/v2\/media?parent=69703"}],"wp:term":[{"taxonomy":"category","embeddable":true,"href":"https:\/\/pdt-rj.org.br\/index.php\/wp-json\/wp\/v2\/categories?post=69703"},{"taxonomy":"post_tag","embeddable":true,"href":"https:\/\/pdt-rj.org.br\/index.php\/wp-json\/wp\/v2\/tags?post=69703"}],"curies":[{"name":"wp","href":"https:\/\/api.w.org\/{rel}","templated":true}]}}