{"id":69665,"date":"2020-02-19T18:26:51","date_gmt":"2020-02-19T21:26:51","guid":{"rendered":"http:\/\/pdt-rj.org.br\/?p=69665"},"modified":"2020-02-20T19:12:11","modified_gmt":"2020-02-20T22:12:11","slug":"senador-cid-gomes-foi-baleado-nessa-quarta-feira-19","status":"publish","type":"post","link":"https:\/\/pdt-rj.org.br\/index.php\/senador-cid-gomes-foi-baleado-nessa-quarta-feira-19\/","title":{"rendered":"Senador Cid Gomes \u00e9 baleado nessa quarta-feira (19)"},"content":{"rendered":"<p>O senador Cid Gomes foi baleado na tarde dessa quarta-feira (19) durante confronto com policiais militares amotinados e mascarados em Sobral (CE). De acordo com o boletim do Hospital do Cora\u00e7\u00e3o, onde o senador recebeu os primeiros atendimentos m\u00e9dicos, o quadro de Cid, que est\u00e1 l\u00facido e respirando sem a ajuda de aparelhos, \u00e9 de &#8220;boa evolu\u00e7\u00e3o cl\u00ednica&#8221;. &#8220;Seu quadro card\u00edaco e neurol\u00f3gico n\u00e3o apresenta altera\u00e7\u00e3o&#8221;, descreve o laudo assinado pelo diretor t\u00e9cnico do hospital, Joaquim David Carneiro Neto.<\/p>\n<p>Ap\u00f3s ser transferido para a Santa Casa de Miseric\u00f3rdia de Sobral, onde foi submetido a um exame de tomografia, que n\u00e3o constatou altera\u00e7\u00f5es neurol\u00f3gicas ou card\u00edacas, Cid Gomes retornou ao Hospital do Cora\u00e7\u00e3o, onde permanecer\u00e1 internado at\u00e9 alta m\u00e9dica.<\/p>\n<p>Confira no link abaixo o boletim m\u00e9dico do Hospital do Cora\u00e7\u00e3o de Sobral (CE):<\/p>\n<p><a href=\"http:\/\/pdt-rj.org.br\/wp-content\/uploads\/2020\/02\/Boletim-M\u00e9dico-Cid-Gomes.pdf\">Boletim M\u00e9dico &#8211; Cid Gomes<\/a><\/p>\n<!-- AddThis Advanced Settings generic via filter on the_content --><!-- AddThis Share Buttons generic via filter on the_content -->","protected":false},"excerpt":{"rendered":"<p>O senador Cid Gomes foi baleado na tarde dessa quarta-feira (19) durante confronto com policiais militares amotinados e mascarados em Sobral (CE). De acordo com o boletim do Hospital do Cora\u00e7\u00e3o, onde o senador recebeu os primeiros atendimentos m\u00e9dicos, o quadro de Cid, que est\u00e1 l\u00facido e respirando sem a ajuda de aparelhos, \u00e9 de&#8230;<!-- AddThis Advanced Settings generic via filter on wp_trim_excerpt --><!-- AddThis Share Buttons generic via filter on wp_trim_excerpt --><\/p>\n","protected":false},"author":17,"featured_media":69081,"comment_status":"closed","ping_status":"closed","sticky":false,"template":"","format":"standard","meta":{"_monsterinsights_skip_tracking":false,"_monsterinsights_sitenote_active":false,"_monsterinsights_sitenote_note":"","_monsterinsights_sitenote_category":0,"_uf_show_specific_survey":0,"_uf_disable_surveys":false,"footnotes":""},"categories":[1402,976],"tags":[],"class_list":["post-69665","post","type-post","status-publish","format-standard","has-post-thumbnail","hentry","category-cidades","category-noticias-em-destaque"],"acf":[],"_links":{"self":[{"href":"https:\/\/pdt-rj.org.br\/index.php\/wp-json\/wp\/v2\/posts\/69665","targetHints":{"allow":["GET"]}}],"collection":[{"href":"https:\/\/pdt-rj.org.br\/index.php\/wp-json\/wp\/v2\/posts"}],"about":[{"href":"https:\/\/pdt-rj.org.br\/index.php\/wp-json\/wp\/v2\/types\/post"}],"author":[{"embeddable":true,"href":"https:\/\/pdt-rj.org.br\/index.php\/wp-json\/wp\/v2\/users\/17"}],"replies":[{"embeddable":true,"href":"https:\/\/pdt-rj.org.br\/index.php\/wp-json\/wp\/v2\/comments?post=69665"}],"version-history":[{"count":22,"href":"https:\/\/pdt-rj.org.br\/index.php\/wp-json\/wp\/v2\/posts\/69665\/revisions"}],"predecessor-version":[{"id":69711,"href":"https:\/\/pdt-rj.org.br\/index.php\/wp-json\/wp\/v2\/posts\/69665\/revisions\/69711"}],"wp:featuredmedia":[{"embeddable":true,"href":"https:\/\/pdt-rj.org.br\/index.php\/wp-json\/wp\/v2\/media\/69081"}],"wp:attachment":[{"href":"https:\/\/pdt-rj.org.br\/index.php\/wp-json\/wp\/v2\/media?parent=69665"}],"wp:term":[{"taxonomy":"category","embeddable":true,"href":"https:\/\/pdt-rj.org.br\/index.php\/wp-json\/wp\/v2\/categories?post=69665"},{"taxonomy":"post_tag","embeddable":true,"href":"https:\/\/pdt-rj.org.br\/index.php\/wp-json\/wp\/v2\/tags?post=69665"}],"curies":[{"name":"wp","href":"https:\/\/api.w.org\/{rel}","templated":true}]}}