{"id":69658,"date":"2020-02-19T17:08:20","date_gmt":"2020-02-19T20:08:20","guid":{"rendered":"http:\/\/pdt-rj.org.br\/?p=69658"},"modified":"2020-02-20T01:07:43","modified_gmt":"2020-02-20T04:07:43","slug":"nota-de-solidariedade-do-pdt-sindical-aos-trabalhadores-petroleiros","status":"publish","type":"post","link":"https:\/\/pdt-rj.org.br\/index.php\/nota-de-solidariedade-do-pdt-sindical-aos-trabalhadores-petroleiros\/","title":{"rendered":"Nota de Solidariedade do PDT Sindical aos trabalhadores petroleiros"},"content":{"rendered":"<p>O movimento Sindical do PDT vem a p\u00fablico prestar integral solidariedade aos trabalhadores petroleiros em sua luta herc\u00falea contra as for\u00e7as que atentam contra o processo civilizat\u00f3rio e contra o Estado Social que a Constitui\u00e7\u00e3o Cidad\u00e3 de 1988 buscou construir.<\/p>\n<p>For\u00e7as essas que, em not\u00f3rio retrocesso social, apostam no fechamento dos espa\u00e7os e mecanismos de di\u00e1logo e entendimento, provocam a retirada de direitos conquistados e a fragiliza\u00e7\u00e3o das institui\u00e7\u00f5es p\u00fablicas encarregadas de dar-lhes efic\u00e1cia.<\/p>\n<p>O PDT, herdeiro hist\u00f3rico do Trabalhismo brasileiro, entende a fun\u00e7\u00e3o estrat\u00e9gica que o Estado precisa ter no controle da extra\u00e7\u00e3o e produ\u00e7\u00e3o do petr\u00f3leo brasileiro. Foi este o entendimento de Get\u00falio Vargas ao criar a empresa p\u00fablica, ainda na d\u00e9cada de 50.<\/p>\n<p>Nesse sentido, firme na defesa dos direitos sociais, das institui\u00e7\u00f5es p\u00fablicas do mundo do trabalho, aptas a dar-lhes efic\u00e1cia, do respeito \u00e0s organiza\u00e7\u00f5es sindicais e aos instrumentos coletivos de negocia\u00e7\u00e3o, o movimento Sindical do PDT presta solidariedade aos petroleiros e afirma sua defesa na democracia, em favor do patrim\u00f4nio brasileiro e na necess\u00e1ria retomada do crescimento econ\u00f4mico com respeito aos direitos conquistados e aos princ\u00edpios constitucionais da dignidade humana e dos valores sociais do trabalho.<\/p>\n<p>A luta dos petroleiros \u00e9 a luta do Trabalhismo e do PDT.<\/p>\n<p>&nbsp;<\/p>\n<p style=\"text-align: center;\">19 de fevereiro de 2020<\/p>\n<p style=\"text-align: center;\"><strong>Milton Cavalo<\/strong><\/p>\n<p style=\"text-align: center;\">Presidente Nacional do PDT Sindical<\/p>\n<!-- AddThis Advanced Settings generic via filter on the_content --><!-- AddThis Share Buttons generic via filter on the_content -->","protected":false},"excerpt":{"rendered":"<p>O movimento Sindical do PDT vem a p\u00fablico prestar integral solidariedade aos trabalhadores petroleiros em sua luta herc\u00falea contra as for\u00e7as que atentam contra o processo civilizat\u00f3rio e contra o Estado Social que a Constitui\u00e7\u00e3o Cidad\u00e3 de 1988 buscou construir. For\u00e7as essas que, em not\u00f3rio retrocesso social, apostam no fechamento dos espa\u00e7os e mecanismos de&#8230;<!-- AddThis Advanced Settings generic via filter on wp_trim_excerpt --><!-- AddThis Share Buttons generic via filter on wp_trim_excerpt --><\/p>\n","protected":false},"author":17,"featured_media":69661,"comment_status":"closed","ping_status":"closed","sticky":false,"template":"","format":"standard","meta":{"_monsterinsights_skip_tracking":false,"_monsterinsights_sitenote_active":false,"_monsterinsights_sitenote_note":"","_monsterinsights_sitenote_category":0,"_uf_show_specific_survey":0,"_uf_disable_surveys":false,"footnotes":""},"categories":[1390,1397,1589],"tags":[],"class_list":["post-69658","post","type-post","status-publish","format-standard","has-post-thumbnail","hentry","category-editorias","category-movimentos","category-sindical"],"acf":[],"_links":{"self":[{"href":"https:\/\/pdt-rj.org.br\/index.php\/wp-json\/wp\/v2\/posts\/69658","targetHints":{"allow":["GET"]}}],"collection":[{"href":"https:\/\/pdt-rj.org.br\/index.php\/wp-json\/wp\/v2\/posts"}],"about":[{"href":"https:\/\/pdt-rj.org.br\/index.php\/wp-json\/wp\/v2\/types\/post"}],"author":[{"embeddable":true,"href":"https:\/\/pdt-rj.org.br\/index.php\/wp-json\/wp\/v2\/users\/17"}],"replies":[{"embeddable":true,"href":"https:\/\/pdt-rj.org.br\/index.php\/wp-json\/wp\/v2\/comments?post=69658"}],"version-history":[{"count":6,"href":"https:\/\/pdt-rj.org.br\/index.php\/wp-json\/wp\/v2\/posts\/69658\/revisions"}],"predecessor-version":[{"id":69696,"href":"https:\/\/pdt-rj.org.br\/index.php\/wp-json\/wp\/v2\/posts\/69658\/revisions\/69696"}],"wp:featuredmedia":[{"embeddable":true,"href":"https:\/\/pdt-rj.org.br\/index.php\/wp-json\/wp\/v2\/media\/69661"}],"wp:attachment":[{"href":"https:\/\/pdt-rj.org.br\/index.php\/wp-json\/wp\/v2\/media?parent=69658"}],"wp:term":[{"taxonomy":"category","embeddable":true,"href":"https:\/\/pdt-rj.org.br\/index.php\/wp-json\/wp\/v2\/categories?post=69658"},{"taxonomy":"post_tag","embeddable":true,"href":"https:\/\/pdt-rj.org.br\/index.php\/wp-json\/wp\/v2\/tags?post=69658"}],"curies":[{"name":"wp","href":"https:\/\/api.w.org\/{rel}","templated":true}]}}