{"id":69614,"date":"2020-02-17T18:28:15","date_gmt":"2020-02-17T21:28:15","guid":{"rendered":"http:\/\/pdt-rj.org.br\/?p=69614"},"modified":"2020-02-18T17:14:14","modified_gmt":"2020-02-18T20:14:14","slug":"universidade-leonel-brizola-reune-mais-de-250-concurseiros-em-aulao-solidario-no-df","status":"publish","type":"post","link":"https:\/\/pdt-rj.org.br\/index.php\/universidade-leonel-brizola-reune-mais-de-250-concurseiros-em-aulao-solidario-no-df\/","title":{"rendered":"Universidade Leonel Brizola re\u00fane mais de 250 concurseiros em &#8220;Aul\u00e3o Solid\u00e1rio&#8221; em Bras\u00edlia"},"content":{"rendered":"<p>Com a presen\u00e7a de mais de 250 pessoas, a Universidade aberta Leonel Brizola (ULB) vinculada \u00e0 Funda\u00e7\u00e3o Leonel Brizola- Alberto Pasqualini (FLB-AP) realizou o \u201cAul\u00e3o Solid\u00e1rio\u201d para o concurso da Secretaria de Educa\u00e7\u00e3o do Distrito Federal (SEDF), no \u00faltimo s\u00e1bado (15), na sede Nacional do PDT, em Bras\u00edlia.<\/p>\n<p>Na ocasi\u00e3o, os professores M\u00e1rcia Gomes, Elis\u00e2ngela Dias, Suzele Veloso, Dickson Cosseti, Madalena Coatio, Vania Rego e Reginaldo Veras forneceram dicas que ir\u00e3o ajudar o concurseiro na hora da prova, al\u00e9m de abranger as principais mat\u00e9rias do concurso como: Conhecimentos pedag\u00f3gicos, Direito administrativo, al\u00e9m de Reda\u00e7\u00e3o discursiva e Regi\u00e3o Integrada de Desenvolvimento do Distrito Federal e Entorno (RIDE).<\/p>\n<p>Para quem n\u00e3o p\u00f4de participar e ficou interessado, o aul\u00e3o est\u00e1 disponibilizado no Facebook da ULB.<\/p>\n<p>Saiba mais em <a href=\"https:\/\/ulb.org.br\/\">ulb.org.br<\/a> ou baixe o APP ULB, dispon\u00edvel para Android e iOS.<\/p>\n<!-- AddThis Advanced Settings generic via filter on the_content --><!-- AddThis Share Buttons generic via filter on the_content -->","protected":false},"excerpt":{"rendered":"<p>Com a presen\u00e7a de mais de 250 pessoas, a Universidade aberta Leonel Brizola (ULB) vinculada \u00e0 Funda\u00e7\u00e3o Leonel Brizola- Alberto Pasqualini (FLB-AP) realizou o \u201cAul\u00e3o Solid\u00e1rio\u201d para o concurso da Secretaria de Educa\u00e7\u00e3o do Distrito Federal (SEDF), no \u00faltimo s\u00e1bado (15), na sede Nacional do PDT, em Bras\u00edlia. Na ocasi\u00e3o, os professores M\u00e1rcia Gomes, Elis\u00e2ngela&#8230;<!-- AddThis Advanced Settings generic via filter on wp_trim_excerpt --><!-- AddThis Share Buttons generic via filter on wp_trim_excerpt --><\/p>\n","protected":false},"author":17,"featured_media":69633,"comment_status":"closed","ping_status":"closed","sticky":false,"template":"","format":"standard","meta":{"_monsterinsights_skip_tracking":false,"_monsterinsights_sitenote_active":false,"_monsterinsights_sitenote_note":"","_monsterinsights_sitenote_category":0,"_uf_show_specific_survey":0,"_uf_disable_surveys":false,"footnotes":""},"categories":[1390,1402],"tags":[],"class_list":["post-69614","post","type-post","status-publish","format-standard","has-post-thumbnail","hentry","category-editorias","category-cidades"],"acf":[],"_links":{"self":[{"href":"https:\/\/pdt-rj.org.br\/index.php\/wp-json\/wp\/v2\/posts\/69614","targetHints":{"allow":["GET"]}}],"collection":[{"href":"https:\/\/pdt-rj.org.br\/index.php\/wp-json\/wp\/v2\/posts"}],"about":[{"href":"https:\/\/pdt-rj.org.br\/index.php\/wp-json\/wp\/v2\/types\/post"}],"author":[{"embeddable":true,"href":"https:\/\/pdt-rj.org.br\/index.php\/wp-json\/wp\/v2\/users\/17"}],"replies":[{"embeddable":true,"href":"https:\/\/pdt-rj.org.br\/index.php\/wp-json\/wp\/v2\/comments?post=69614"}],"version-history":[{"count":7,"href":"https:\/\/pdt-rj.org.br\/index.php\/wp-json\/wp\/v2\/posts\/69614\/revisions"}],"predecessor-version":[{"id":69641,"href":"https:\/\/pdt-rj.org.br\/index.php\/wp-json\/wp\/v2\/posts\/69614\/revisions\/69641"}],"wp:featuredmedia":[{"embeddable":true,"href":"https:\/\/pdt-rj.org.br\/index.php\/wp-json\/wp\/v2\/media\/69633"}],"wp:attachment":[{"href":"https:\/\/pdt-rj.org.br\/index.php\/wp-json\/wp\/v2\/media?parent=69614"}],"wp:term":[{"taxonomy":"category","embeddable":true,"href":"https:\/\/pdt-rj.org.br\/index.php\/wp-json\/wp\/v2\/categories?post=69614"},{"taxonomy":"post_tag","embeddable":true,"href":"https:\/\/pdt-rj.org.br\/index.php\/wp-json\/wp\/v2\/tags?post=69614"}],"curies":[{"name":"wp","href":"https:\/\/api.w.org\/{rel}","templated":true}]}}