{"id":69578,"date":"2020-02-15T10:40:40","date_gmt":"2020-02-15T13:40:40","guid":{"rendered":"http:\/\/pdt-rj.org.br\/?p=69578"},"modified":"2020-02-19T11:43:42","modified_gmt":"2020-02-19T14:43:42","slug":"celebrar-e-resistir-juventude-socialista-do-pdt-comemora-39-anos","status":"publish","type":"post","link":"https:\/\/pdt-rj.org.br\/index.php\/celebrar-e-resistir-juventude-socialista-do-pdt-comemora-39-anos\/","title":{"rendered":"Celebrar \u00e9 resistir: Juventude Socialista do PDT comemora 39 anos"},"content":{"rendered":"<p>Nessa sexta-feira (14) come\u00e7aram as comemora\u00e7\u00f5es pelos 39 anos de funda\u00e7\u00e3o da Juventude Socialista do PDT. Os eventos seguem neste s\u00e1bado (15), segundo dia do Congresso de funda\u00e7\u00e3o da organiza\u00e7\u00e3o, o famoso Encontro de Quintino.\u00a0Na sede nacional do PDT, em Bras\u00edlia, dezenas de militantes realizaram um evento comemorativo. Roda de conversa, poesia e muita inspira\u00e7\u00e3o marcaram o clima do encontro.<\/p>\n<p>Jovens de hoje e ontem fizeram quest\u00e3o de marcar presen\u00e7a, como o ex-presidente nacional da JS Luiz Marcelo. O presidente nacional da JS, William Rodrigues destacou a emerg\u00eancia de celebrar 39 anos projetando o futuro, e as entregas da gest\u00e3o.<\/p>\n<p>&#8220;Olhar o que nos trouxe at\u00e9 aqui nos d\u00e1 mais clareza para projetar o futuro da nossa Organiza\u00e7\u00e3o. N\u00e3o a toa uma das m\u00e1ximas da gest\u00e3o s\u00e3o as entregas. Nossa obstina\u00e7\u00e3o \u00e9 entregar uma JS maior, mais forte e mais inferiorizada&#8221;.<\/p>\n<p>O evento contou ainda com a participa\u00e7\u00e3o do Secret\u00e1rio de Juventude do GDF e dirigente nacional da JS, L\u00e9o Bijos; Andr\u00e9 Gaetta e Regina &#8211; fundadores da JS; Leo Zumpichiatti, ex dirigente da JS. Todos sob a dire\u00e7\u00e3o da companheira Gabi Malesulik, presidente da JS DF.<\/p>\n<p>Ocorreu ainda a exposi\u00e7\u00e3o sobre o livro de Everton Gomes e Wendel Pinheiro que conta a hist\u00f3ria da Juventude e o Centro de Mem\u00f3ria Danilo Groff que cumpre o mesmo papel. Uma parceria da JS com a FLB-AP RJ.<\/p>\n<!-- AddThis Advanced Settings generic via filter on the_content --><!-- AddThis Share Buttons generic via filter on the_content -->","protected":false},"excerpt":{"rendered":"<p>Nessa sexta-feira (14) come\u00e7aram as comemora\u00e7\u00f5es pelos 39 anos de funda\u00e7\u00e3o da Juventude Socialista do PDT. Os eventos seguem neste s\u00e1bado (15), segundo dia do Congresso de funda\u00e7\u00e3o da organiza\u00e7\u00e3o, o famoso Encontro de Quintino.\u00a0Na sede nacional do PDT, em Bras\u00edlia, dezenas de militantes realizaram um evento comemorativo. Roda de conversa, poesia e muita inspira\u00e7\u00e3o&#8230;<!-- AddThis Advanced Settings generic via filter on wp_trim_excerpt --><!-- AddThis Share Buttons generic via filter on wp_trim_excerpt --><\/p>\n","protected":false},"author":17,"featured_media":69579,"comment_status":"closed","ping_status":"closed","sticky":false,"template":"","format":"standard","meta":{"_monsterinsights_skip_tracking":false,"_monsterinsights_sitenote_active":false,"_monsterinsights_sitenote_note":"","_monsterinsights_sitenote_category":0,"_uf_show_specific_survey":0,"_uf_disable_surveys":false,"footnotes":""},"categories":[1586,1397,976],"tags":[530,539,38,2395],"class_list":["post-69578","post","type-post","status-publish","format-standard","has-post-thumbnail","hentry","category-juventude-socialista","category-movimentos","category-noticias-em-destaque","tag-js","tag-juventude-socialista","tag-pdt","tag-william-rodrigues"],"acf":[],"_links":{"self":[{"href":"https:\/\/pdt-rj.org.br\/index.php\/wp-json\/wp\/v2\/posts\/69578","targetHints":{"allow":["GET"]}}],"collection":[{"href":"https:\/\/pdt-rj.org.br\/index.php\/wp-json\/wp\/v2\/posts"}],"about":[{"href":"https:\/\/pdt-rj.org.br\/index.php\/wp-json\/wp\/v2\/types\/post"}],"author":[{"embeddable":true,"href":"https:\/\/pdt-rj.org.br\/index.php\/wp-json\/wp\/v2\/users\/17"}],"replies":[{"embeddable":true,"href":"https:\/\/pdt-rj.org.br\/index.php\/wp-json\/wp\/v2\/comments?post=69578"}],"version-history":[{"count":2,"href":"https:\/\/pdt-rj.org.br\/index.php\/wp-json\/wp\/v2\/posts\/69578\/revisions"}],"predecessor-version":[{"id":69598,"href":"https:\/\/pdt-rj.org.br\/index.php\/wp-json\/wp\/v2\/posts\/69578\/revisions\/69598"}],"wp:featuredmedia":[{"embeddable":true,"href":"https:\/\/pdt-rj.org.br\/index.php\/wp-json\/wp\/v2\/media\/69579"}],"wp:attachment":[{"href":"https:\/\/pdt-rj.org.br\/index.php\/wp-json\/wp\/v2\/media?parent=69578"}],"wp:term":[{"taxonomy":"category","embeddable":true,"href":"https:\/\/pdt-rj.org.br\/index.php\/wp-json\/wp\/v2\/categories?post=69578"},{"taxonomy":"post_tag","embeddable":true,"href":"https:\/\/pdt-rj.org.br\/index.php\/wp-json\/wp\/v2\/tags?post=69578"}],"curies":[{"name":"wp","href":"https:\/\/api.w.org\/{rel}","templated":true}]}}