{"id":69536,"date":"2020-02-13T16:07:32","date_gmt":"2020-02-13T19:07:32","guid":{"rendered":"http:\/\/pdt-rj.org.br\/?p=69536"},"modified":"2020-02-19T18:58:30","modified_gmt":"2020-02-19T21:58:30","slug":"repare-bem-ciro-gomes-conversa-com-andre-perfeito-sobre-as-expectativas-do-pib-do-pais","status":"publish","type":"post","link":"https:\/\/pdt-rj.org.br\/index.php\/repare-bem-ciro-gomes-conversa-com-andre-perfeito-sobre-as-expectativas-do-pib-do-pais\/","title":{"rendered":"Repare Bem &#8211; Ciro Gomes conversa com Andr\u00e9 Perfeito sobre as expectativas do PIB do Pa\u00eds"},"content":{"rendered":"<p><em>&#8220;A informalidade no Brasil mais o desemprego aberto s\u00e3os os maiores da hist\u00f3ria&#8221;, assevera Ciro Gomes<\/em><\/p>\n<p>&#8220;O que est\u00e1 acontecendo com o Brasil? Na sua opini\u00e3o, onde \u00e9 que est\u00e1 &#8216;pegando&#8217;?&#8221; Foi com essa pergunta que o vice-presidente nacional do PDT, Ciro Gomes, iniciou uma conversa franca e esclarecedora com o economista Andr\u00e9 Perfeito, na \u00faltima edi\u00e7\u00e3o do programa &#8220;Repare Bem&#8221;. A pergunta foi o mote para\u00a0 um di\u00e1logo\u00a0 acerca das perspectivas em rela\u00e7\u00e3o ao Produto Interno Bruto (PIB), em face da realidade de metade da popula\u00e7\u00e3o ativa do Pa\u00eds estar na informalidade, da qual cerca de 50% ganha, em m\u00e9dia, R$ 413,00 &#8211; menos da metade de um sal\u00e1rio m\u00ednimo, cujo aumento de 4,71%, anunciado pelo governo no in\u00edcio deste ano, desconsidera os R$ 327 perdidos pelo trabalhador em 2019.<\/p>\n<p>Andr\u00e9 Perfeito v\u00ea com otimismo o crescimento de 3% do PIB brasileiro, em 2020,\u00a0 o que, para ele, \u00e9 um sinal de que a economia come\u00e7a a apresentar uma rea\u00e7\u00e3o \u00e0 crise econ\u00f4mica e pol\u00edtica que o Pa\u00eds atravessou nos \u00faltimos anos, em sua an\u00e1lise, desencadeada pelo processo de &#8220;amadurecimento do Plano Real&#8221;.<\/p>\n<p>Andr\u00e9 Perfeito elogiou o atual ministro da economia, Paulo Guedes, a quem ele atribui a qualidade da coer\u00eancia, no que diz respeito \u00e0s decis\u00f5es da pasta, fieis \u00e0 sua bandeira ultraliberal. Em sua an\u00e1lise, a discuss\u00e3o econ\u00f4mica do momento entende que a renda oriunda do trabalho ter\u00e1 de ser alterada por outro tipo de renda para conferir mais dinamismo na economia.<\/p>\n<p>Nessa linha, Prefeito considera que duas inova\u00e7\u00f5es microecon\u00f4micas no mercado de trabalho alteraram profundamente &#8220;esse fator de produ\u00e7\u00e3o, que \u00e9 o trabalho&#8221;: embora o rendimento m\u00e9dio real das pessoas esteja estagnado, a massa salarial est\u00e1 subindo, capitaneadas, por exemplo, pelas novas regras da Consolida\u00e7\u00e3o das Leis de Trabalho (CLT) que ficou &#8220;mais frouxa&#8221;, em suas palavras, e pelas mudan\u00e7as tecnol\u00f3gicas, que ele considera &#8220;impressionantes&#8221;, ao citar como exemplo o alto n\u00famero de desempregados que t\u00eam recorrendo aos trabalhos informais e por aplicativos para sustentar suas fam\u00edlias.<\/p>\n<p>&#8220;Se \u00e9 verdade a minha hip\u00f3tese de que o custo unit\u00e1rio do sal\u00e1rio est\u00e1 &#8216;segurado&#8217;, mas a massa assalariada est\u00e1 subindo, significa que voc\u00ea tem incentivos para continuar crescendo, e essa que \u00e9 a surpresa que a gente teve no ano passado&#8221;, afirmou o economista, que for\u00e7ou Ciro a contest\u00e1-lo por meio dos n\u00fameros inegavelmente muito preocupantes.<\/p>\n<p>&#8220;A informalidade no Brasil mais o desemprego aberto s\u00e3os os maiores da hist\u00f3ria, a soma. A soma da informalidade, aproximadamente de 41% da popula\u00e7\u00e3o sadia para o trabalho, mais 11% em fra\u00e7\u00e3o do desemprego, da quase 12 milh\u00f5es em fra\u00e7\u00e3o dos brasileiros; isso faz com que metade da popula\u00e7\u00e3o brasileira esteja, hoje, fora do mercado informal de trabalho e a renda de metade desse povo \u00e9 de R$ 413,00, e est\u00e1 parada ou em decl\u00ednio&#8221;, pontuou Ciro, que prosseguiu.<\/p>\n<p>&#8220;Se, na tradi\u00e7\u00e3o brasileira, o PIB cresce 60%, puxado pelo consumo das fam\u00edlias, e o consumo das fam\u00edlias \u00e9 emprego, renda e cr\u00e9dito, e a gente volta aquela minha obsessiva preocupa\u00e7\u00e3o com a quest\u00e3o do colapso do cr\u00e9dito&#8230; Est\u00e1 piorando a inadimpl\u00eancia das fam\u00edlias, dois ter\u00e7os das fam\u00edlias brasileiras est\u00e3o inadimplentes. Ent\u00e3o, de onde vem esse dado?&#8221;, questionou?<\/p>\n<p>Confira abaixo quais foram as argumenta\u00e7\u00f5es de Andr\u00e9 Perfeito, em rela\u00e7\u00e3o a esses e outros questionamentos de Ciro Gomes:<\/p>\n<p>https:\/\/www.facebook.com\/cirogomesoficial\/videos\/481650739157722\/<\/p>\n<!-- AddThis Advanced Settings generic via filter on the_content --><!-- AddThis Share Buttons generic via filter on the_content -->","protected":false},"excerpt":{"rendered":"<p>&#8220;A informalidade no Brasil mais o desemprego aberto s\u00e3os os maiores da hist\u00f3ria&#8221;, assevera Ciro Gomes &#8220;O que est\u00e1 acontecendo com o Brasil? Na sua opini\u00e3o, onde \u00e9 que est\u00e1 &#8216;pegando&#8217;?&#8221; Foi com essa pergunta que o vice-presidente nacional do PDT, Ciro Gomes, iniciou uma conversa franca e esclarecedora com o economista Andr\u00e9 Perfeito, na&#8230;<!-- AddThis Advanced Settings generic via filter on wp_trim_excerpt --><!-- AddThis Share Buttons generic via filter on wp_trim_excerpt --><\/p>\n","protected":false},"author":17,"featured_media":69537,"comment_status":"closed","ping_status":"closed","sticky":false,"template":"","format":"standard","meta":{"_monsterinsights_skip_tracking":false,"_monsterinsights_sitenote_active":false,"_monsterinsights_sitenote_note":"","_monsterinsights_sitenote_category":0,"_uf_show_specific_survey":0,"_uf_disable_surveys":false,"footnotes":""},"categories":[1390,976],"tags":[220,2327,3326,5,1871],"class_list":["post-69536","post","type-post","status-publish","format-standard","has-post-thumbnail","hentry","category-editorias","category-noticias-em-destaque","tag-ciro-gomes","tag-desemprego","tag-informalidade","tag-pib","tag-produto-interno-bruto"],"acf":[],"_links":{"self":[{"href":"https:\/\/pdt-rj.org.br\/index.php\/wp-json\/wp\/v2\/posts\/69536","targetHints":{"allow":["GET"]}}],"collection":[{"href":"https:\/\/pdt-rj.org.br\/index.php\/wp-json\/wp\/v2\/posts"}],"about":[{"href":"https:\/\/pdt-rj.org.br\/index.php\/wp-json\/wp\/v2\/types\/post"}],"author":[{"embeddable":true,"href":"https:\/\/pdt-rj.org.br\/index.php\/wp-json\/wp\/v2\/users\/17"}],"replies":[{"embeddable":true,"href":"https:\/\/pdt-rj.org.br\/index.php\/wp-json\/wp\/v2\/comments?post=69536"}],"version-history":[{"count":8,"href":"https:\/\/pdt-rj.org.br\/index.php\/wp-json\/wp\/v2\/posts\/69536\/revisions"}],"predecessor-version":[{"id":69672,"href":"https:\/\/pdt-rj.org.br\/index.php\/wp-json\/wp\/v2\/posts\/69536\/revisions\/69672"}],"wp:featuredmedia":[{"embeddable":true,"href":"https:\/\/pdt-rj.org.br\/index.php\/wp-json\/wp\/v2\/media\/69537"}],"wp:attachment":[{"href":"https:\/\/pdt-rj.org.br\/index.php\/wp-json\/wp\/v2\/media?parent=69536"}],"wp:term":[{"taxonomy":"category","embeddable":true,"href":"https:\/\/pdt-rj.org.br\/index.php\/wp-json\/wp\/v2\/categories?post=69536"},{"taxonomy":"post_tag","embeddable":true,"href":"https:\/\/pdt-rj.org.br\/index.php\/wp-json\/wp\/v2\/tags?post=69536"}],"curies":[{"name":"wp","href":"https:\/\/api.w.org\/{rel}","templated":true}]}}