{"id":69284,"date":"2020-01-21T16:10:08","date_gmt":"2020-01-21T19:10:08","guid":{"rendered":"http:\/\/pdt-rj.org.br\/?p=69284"},"modified":"2020-01-29T15:30:40","modified_gmt":"2020-01-29T18:30:40","slug":"lupi-denuncia-denuncia-contra-jornalista-gleen-greenwald-do-the-intercep","status":"publish","type":"post","link":"https:\/\/pdt-rj.org.br\/index.php\/lupi-denuncia-denuncia-contra-jornalista-gleen-greenwald-do-the-intercep\/","title":{"rendered":"Lupi denuncia den\u00fancia contra jornalista Glenn Greenwald, do The Intercept"},"content":{"rendered":"<p>O presidente nacional do PDT, Carlos Lupi, atacou nesta ter\u00e7a-feira (21) decis\u00e3o do Minist\u00e9rio P\u00fablico Federal (MPF) em denunciar o jornalista americano Glenn Greenwald, editor do portal de not\u00edcias The Intercept Brasil, pelo caso que ficou conhecido como Vaza Jato \u2013 onde mensagens de celulares divulgadas por Glenn escancararam o papel pol\u00edtico da for\u00e7a tarefa da Lava Jato. De acordo com Lupi, \u00e9 urgente \u201cdenunciar a den\u00fancia, uma vez que o jornalista ao menos foi investigado ou indiciado\u201d.<\/p>\n<p>\u201cIsso \u00e9 um claro atentando \u00e0 liberdade de express\u00e3o e a utiliza\u00e7\u00e3o do Judici\u00e1rio brasileiro para fins pol\u00edticos, uma vez que o principal piv\u00f4 desta hist\u00f3ria era o ent\u00e3o Juiz S\u00e9rgio Moro \u2013 hoje Ministro da Justi\u00e7a. O trabalho jornal\u00edstico de Glenn desmascarou o ent\u00e3o juiz deixando muito claro seu conluio com Minist\u00e9rio P\u00fablico e at\u00e9 com defesa de acusados, o que \u00e9 vedado pelo c\u00f3digo da magistratura e pode at\u00e9 ser caracterizado como crime\u201d, avaliou Lupi.<\/p>\n<p>A decis\u00e3o proferida pelo MPF encaixou Glenn dentro de outra opera\u00e7\u00e3o que apurava exatamente o vazamento destas mensagens que chegaram \u00e0s m\u00e3os do The Intercept Brasil atrav\u00e9s de fonte protegida \u2013 dispositivo que assegura ao autor das mat\u00e9rias n\u00e3o revelar sua fonte.<\/p>\n<p>\u201cOs tempos est\u00e3o ficando cada vez mais sombrios. Voc\u00ea denunciar uma pessoa que ao menos foi investigada ou indiciada \u00e9 um abismo constitucional que caso n\u00e3o seja expurgado pode se transformar em uma postura ditatorial e de regimes autorit\u00e1rios que n\u00e3o respeitam o devido processo legal. Isso pode abrir brechas para a oficializa\u00e7\u00e3o da persegui\u00e7\u00e3o governamental aos cr\u00edticos de toda forma. Ainda vivemos em uma democracia e vamos lutar por ela\u201d, afirmou Lupi, registrando total apoio ao trabalho do jornalista americano.<\/p>\n<p>Em agosto do ano passado, o Ministro do Supremo Tribunal Federal (STF) Gilmar Mendes j\u00e1 havia decidido que o jornalista n\u00e3o poderia ser investigado pelo epis\u00f3dio, e a decis\u00e3o citava exatamente a preserva\u00e7\u00e3o de fonte como fundamental para o desempenho do jornalismo e a manuten\u00e7\u00e3o da liberdade de express\u00e3o.<\/p>\n<!-- AddThis Advanced Settings generic via filter on the_content --><!-- AddThis Share Buttons generic via filter on the_content -->","protected":false},"excerpt":{"rendered":"<p>O presidente nacional do PDT, Carlos Lupi, atacou nesta ter\u00e7a-feira (21) decis\u00e3o do Minist\u00e9rio P\u00fablico Federal (MPF) em denunciar o jornalista americano Glenn Greenwald, editor do portal de not\u00edcias The Intercept Brasil, pelo caso que ficou conhecido como Vaza Jato \u2013 onde mensagens de celulares divulgadas por Glenn escancararam o papel pol\u00edtico da for\u00e7a tarefa&#8230;<!-- AddThis Advanced Settings generic via filter on wp_trim_excerpt --><!-- AddThis Share Buttons generic via filter on wp_trim_excerpt --><\/p>\n","protected":false},"author":17,"featured_media":69286,"comment_status":"closed","ping_status":"closed","sticky":false,"template":"","format":"standard","meta":{"_monsterinsights_skip_tracking":false,"_monsterinsights_sitenote_active":false,"_monsterinsights_sitenote_note":"","_monsterinsights_sitenote_category":0,"_uf_show_specific_survey":0,"_uf_disable_surveys":false,"footnotes":""},"categories":[1401,976],"tags":[196,3307,3308,3309],"class_list":["post-69284","post","type-post","status-publish","format-standard","has-post-thumbnail","hentry","category-nacional","category-noticias-em-destaque","tag-carlos-lupi","tag-glenn-greenwald","tag-the-intercept","tag-the-intercept-brasil"],"acf":[],"_links":{"self":[{"href":"https:\/\/pdt-rj.org.br\/index.php\/wp-json\/wp\/v2\/posts\/69284","targetHints":{"allow":["GET"]}}],"collection":[{"href":"https:\/\/pdt-rj.org.br\/index.php\/wp-json\/wp\/v2\/posts"}],"about":[{"href":"https:\/\/pdt-rj.org.br\/index.php\/wp-json\/wp\/v2\/types\/post"}],"author":[{"embeddable":true,"href":"https:\/\/pdt-rj.org.br\/index.php\/wp-json\/wp\/v2\/users\/17"}],"replies":[{"embeddable":true,"href":"https:\/\/pdt-rj.org.br\/index.php\/wp-json\/wp\/v2\/comments?post=69284"}],"version-history":[{"count":8,"href":"https:\/\/pdt-rj.org.br\/index.php\/wp-json\/wp\/v2\/posts\/69284\/revisions"}],"predecessor-version":[{"id":69366,"href":"https:\/\/pdt-rj.org.br\/index.php\/wp-json\/wp\/v2\/posts\/69284\/revisions\/69366"}],"wp:featuredmedia":[{"embeddable":true,"href":"https:\/\/pdt-rj.org.br\/index.php\/wp-json\/wp\/v2\/media\/69286"}],"wp:attachment":[{"href":"https:\/\/pdt-rj.org.br\/index.php\/wp-json\/wp\/v2\/media?parent=69284"}],"wp:term":[{"taxonomy":"category","embeddable":true,"href":"https:\/\/pdt-rj.org.br\/index.php\/wp-json\/wp\/v2\/categories?post=69284"},{"taxonomy":"post_tag","embeddable":true,"href":"https:\/\/pdt-rj.org.br\/index.php\/wp-json\/wp\/v2\/tags?post=69284"}],"curies":[{"name":"wp","href":"https:\/\/api.w.org\/{rel}","templated":true}]}}