{"id":69275,"date":"2020-01-17T18:12:59","date_gmt":"2020-01-17T21:12:59","guid":{"rendered":"http:\/\/pdt-rj.org.br\/?p=69275"},"modified":"2020-01-17T18:13:40","modified_gmt":"2020-01-17T21:13:40","slug":"partidos-sao-muito-mais-do-que-movimentos-por-lauri-bernardes","status":"publish","type":"post","link":"https:\/\/pdt-rj.org.br\/index.php\/partidos-sao-muito-mais-do-que-movimentos-por-lauri-bernardes\/","title":{"rendered":"Partidos s\u00e3o muito mais do que movimentos, por Lauri Bernardes"},"content":{"rendered":"<p>Tem crescido no Brasil nos \u00faltimos anos, com a democratiza\u00e7\u00e3o do acesso \u00e0 internet e tamb\u00e9m o descr\u00e9dito de boa parte da classe pol\u00edtica e dos movimentos sociais, a exist\u00eancia dos diversos movimentos &#8220;oriundos&#8221; da sociedade civil. Repaginando as experi\u00eancias do IPES\/IBAD nos anos 1960, estes movimentos, conhecidos como &#8220;think tanks&#8221;, investem na elei\u00e7\u00e3o de novos parlamentares, sob o pretexto de &#8220;defesa da democracia&#8221;.<\/p>\n<p>Ali\u00e1s, estes movimentos pol\u00edticos, que se dizem &#8220;apartid\u00e1rios&#8221; e defensores da \u201cnova pol\u00edtica\u201d, atuam politicamente em formatos considerados como &#8220;horizontalizados&#8221; e &#8220;democratizantes&#8221;. Tal motivo se d\u00e1 com o intuito de questionar o modus operandi das pr\u00e1ticas &#8220;tradicionais&#8221; verticalizadas dos partidos pol\u00edticos e dos seus respectivos dirigentes e quadros.<\/p>\n<p>Acontece que estes movimentos e grupos, acabam paradoxalmente ingressando nos partidos pol\u00edticos para concorrer nas elei\u00e7\u00f5es a cada dois anos, mostrando n\u00e3o apenas a falta de conhecimento das ideologias daqueles partidos que decidiram se filiar, mas a pr\u00e1tica delet\u00e9ria do oportunismo &#8211; por sinal, um not\u00f3rio v\u00edcio da velha pol\u00edtica.<\/p>\n<p>O caso mais recente, ocorrido em meados de 2019 dentro de partidos hist\u00f3ricos como o pr\u00f3prio PDT e no PSB, \u00e9 um exemplo real do mal-estar promovido por quadros destes movimentos eleitos no interior dos partidos.<\/p>\n<p>Por\u00e9m, estes movimentos possuem quadros infiltrados em v\u00e1rios partidos no Brasil, tentando inserir a pauta e a linha destas think tanks no interior destas organiza\u00e7\u00f5es partid\u00e1rias.<\/p>\n<p>Logo, torna-se inconceb\u00edvel a pr\u00e1tica pol\u00edtica de nomes que conquistam votos ao discursar contra os partidos e a &#8220;pol\u00edtica tradicional&#8221;, mas que recorrem \u00e0s mesmas siglas para terem mandato e, muitas vezes se utilizam do material, do espa\u00e7o midi\u00e1tico e dos recursos do fundo partid\u00e1rio nas elei\u00e7\u00f5es para simplesmente vencerem o pleito ou colocarem em pr\u00e1tica suas &#8220;pr\u00f3prias&#8221; ideias e dos seus movimentos.<\/p>\n<p>O que acontece depois de eleitos \u00e9 que essas novas lideran\u00e7as desconhecem os princ\u00edpios doutrin\u00e1rio-ideol\u00f3gicos dos partidos que escolheram para concorrer e, em nome da &#8220;nova pol\u00edtica&#8221;, cometam as pr\u00e1ticas vezeiras da velha pol\u00edtica como a infidelidade ideol\u00f3gica e a indisciplina partid\u00e1ria.<\/p>\n<p>Do contr\u00e1rio, o que explicaria deputados federais do PDT e do PSB, votarem contra os direitos dos trabalhadores na Reforma da Previd\u00eancia? Ali\u00e1s, bandeiras conquistadas pelas lutas hist\u00f3ricas do povo brasileiro!<\/p>\n<p>Portanto, qual \u00e9 a identifica\u00e7\u00e3o destes parlamentares com as siglas que escolheram e que agora mostram &#8220;desconhecer&#8221; em sua ess\u00eancia? Como n\u00e3o houve uma condigna explica\u00e7\u00e3o \u00e0 altura dos mesmos deputados pertencentes a estes movimentos p\u00e1ra-partid\u00e1rios?<\/p>\n<p>Ent\u00e3o, os partidos pol\u00edticos, que s\u00e3o muito maiores do que um movimento, tiveram que agir e acionar as suas respectivas Comiss\u00f5es de \u00c9ticas partid\u00e1rias.<\/p>\n<p>Quando um determinado partido democr\u00e1tico ou popular procura orientar os seus parlamentares em rela\u00e7\u00e3o a uma vota\u00e7\u00e3o sobre um projeto essencial a respeito dos direitos dos trabalhadores, todos devem seguir, pois esta linha se confunde n\u00e3o apenas com os seus princ\u00edpios, mas com a pr\u00f3pria raz\u00e3o de ser desta organiza\u00e7\u00e3o e a sua trajet\u00f3ria hist\u00f3rica.<\/p>\n<p>Sendo assim, a puni\u00e7\u00e3o aos dissidentes se torna inevit\u00e1vel, at\u00e9 porque est\u00e1 em jogo a imagem da agremia\u00e7\u00e3o partid\u00e1ria e a manuten\u00e7\u00e3o de sua unidade e identidade. E, um partido ou organiza\u00e7\u00e3o com hist\u00f3ria n\u00e3o pode ser menor que um movimento bancado por grupos nem sempre dedicados a interesses democr\u00e1ticos e coletivos.<\/p>\n<p>Afinal, os partidos representam, h\u00e1 anos, os anseios e as demandas de diferentes classes e categorias da popula\u00e7\u00e3o. E isso vale tanto para os partidos de direita, quanto para os de esquerda.<\/p>\n<p>Se tais lideran\u00e7as destes movimentos consideram que representam a sociedade tal qual os partidos pol\u00edticos atuais, que fa\u00e7am os seus pr\u00f3prios partidos. Ali\u00e1s, n\u00e3o usem a confian\u00e7a e a estrutura dos partidos pol\u00edticos existentes. Basta recolher as assinaturas necess\u00e1rias junto ao TSE, assim como recentemente vem fazendo o presidente Jair Bolsonaro e seu novo partido de extrema-direita, o &#8220;Alian\u00e7a pelo Brasil&#8221;.<\/p>\n<p>Logo, n\u00e3o h\u00e1 espa\u00e7os para esses movimentos dentro dos partidos pol\u00edticos constitu\u00eddos.<\/p>\n<p><em><strong>*Lauri Bernardes \u00e9 historiador, presidente estadual e secret\u00e1rio-geral nacional do Movimento Cultural Darcy Ribeiro (MCDR)<\/strong><\/em><\/p>\n<!-- AddThis Advanced Settings generic via filter on the_content --><!-- AddThis Share Buttons generic via filter on the_content -->","protected":false},"excerpt":{"rendered":"<p>Tem crescido no Brasil nos \u00faltimos anos, com a democratiza\u00e7\u00e3o do acesso \u00e0 internet e tamb\u00e9m o descr\u00e9dito de boa parte da classe pol\u00edtica e dos movimentos sociais, a exist\u00eancia dos diversos movimentos &#8220;oriundos&#8221; da sociedade civil. Repaginando as experi\u00eancias do IPES\/IBAD nos anos 1960, estes movimentos, conhecidos como &#8220;think tanks&#8221;, investem na elei\u00e7\u00e3o de&#8230;<!-- AddThis Advanced Settings generic via filter on wp_trim_excerpt --><!-- AddThis Share Buttons generic via filter on wp_trim_excerpt --><\/p>\n","protected":false},"author":17,"featured_media":69278,"comment_status":"closed","ping_status":"closed","sticky":false,"template":"","format":"standard","meta":{"_monsterinsights_skip_tracking":false,"_monsterinsights_sitenote_active":false,"_monsterinsights_sitenote_note":"","_monsterinsights_sitenote_category":0,"_uf_show_specific_survey":0,"_uf_disable_surveys":false,"footnotes":""},"categories":[1584,1390],"tags":[],"class_list":["post-69275","post","type-post","status-publish","format-standard","has-post-thumbnail","hentry","category-artigos","category-editorias"],"acf":[],"_links":{"self":[{"href":"https:\/\/pdt-rj.org.br\/index.php\/wp-json\/wp\/v2\/posts\/69275","targetHints":{"allow":["GET"]}}],"collection":[{"href":"https:\/\/pdt-rj.org.br\/index.php\/wp-json\/wp\/v2\/posts"}],"about":[{"href":"https:\/\/pdt-rj.org.br\/index.php\/wp-json\/wp\/v2\/types\/post"}],"author":[{"embeddable":true,"href":"https:\/\/pdt-rj.org.br\/index.php\/wp-json\/wp\/v2\/users\/17"}],"replies":[{"embeddable":true,"href":"https:\/\/pdt-rj.org.br\/index.php\/wp-json\/wp\/v2\/comments?post=69275"}],"version-history":[{"count":5,"href":"https:\/\/pdt-rj.org.br\/index.php\/wp-json\/wp\/v2\/posts\/69275\/revisions"}],"predecessor-version":[{"id":69281,"href":"https:\/\/pdt-rj.org.br\/index.php\/wp-json\/wp\/v2\/posts\/69275\/revisions\/69281"}],"wp:featuredmedia":[{"embeddable":true,"href":"https:\/\/pdt-rj.org.br\/index.php\/wp-json\/wp\/v2\/media\/69278"}],"wp:attachment":[{"href":"https:\/\/pdt-rj.org.br\/index.php\/wp-json\/wp\/v2\/media?parent=69275"}],"wp:term":[{"taxonomy":"category","embeddable":true,"href":"https:\/\/pdt-rj.org.br\/index.php\/wp-json\/wp\/v2\/categories?post=69275"},{"taxonomy":"post_tag","embeddable":true,"href":"https:\/\/pdt-rj.org.br\/index.php\/wp-json\/wp\/v2\/tags?post=69275"}],"curies":[{"name":"wp","href":"https:\/\/api.w.org\/{rel}","templated":true}]}}