{"id":69259,"date":"2020-01-08T14:49:27","date_gmt":"2020-01-08T17:49:27","guid":{"rendered":"http:\/\/pdt-rj.org.br\/?p=69259"},"modified":"2020-01-10T12:47:25","modified_gmt":"2020-01-10T15:47:25","slug":"sobre-parlamento-vacina-e-sociedade-por-guilherme-landim","status":"publish","type":"post","link":"https:\/\/pdt-rj.org.br\/index.php\/sobre-parlamento-vacina-e-sociedade-por-guilherme-landim\/","title":{"rendered":"Sobre parlamento, vacina e sociedade, por Guilherme Landim"},"content":{"rendered":"<p>N\u00e3o \u00e9 \u00e0 toa que o Parlamento \u00e9 conhecido como a casa do povo. Tamb\u00e9m n\u00e3o \u00e9 apenas ret\u00f3rico que n\u00f3s, Deputados, sejamos representantes da popula\u00e7\u00e3o. Essas associa\u00e7\u00f5es t\u00eam a ver com nossa preocupa\u00e7\u00e3o cotidiana: entender as mudan\u00e7as pelas quais passam a sociedade e tentar traduzir isso em debates e discuss\u00f5es que resultem em propostas de leis e normas que amparem o conjunto das for\u00e7as p\u00fablicas.<\/p>\n<p>Dar visibilidade \u00e0s quest\u00f5es mais pertinentes tamb\u00e9m \u00e9 nosso mister. Estudamos, discutimos nos gabinetes, consultamos especialistas das mais variadas matizes, expomos nossas ideias na tribuna a fim de que colegas e imprensa em geral nos ajudem a depurar toda uma massa de informa\u00e7\u00f5es. Somente ap\u00f3s tudo isso \u00e9 que vamos ao voto e a eventual san\u00e7\u00e3o ou veto.<\/p>\n<p>Foi dessa forma, com participa\u00e7\u00e3o social intensa, que o nosso projeto de lei aprovado na Assembleia Legislativa e sancionada pelo Governador Camilo Santana, j\u00e1 come\u00e7a a fazer parte de sua vida. Trata-se de exigir que as escolas pe\u00e7am o cart\u00e3o de vacina\u00e7\u00e3o atualizado no momento da matr\u00edcula de cada crian\u00e7a. Com isso fortalecemos a rede de sa\u00fade do estado do Cear\u00e1 visto que temos percebido, surpreendentemente, um caminho inverso por parte de alguns pais que negligenciam essa importante a\u00e7\u00e3o que \u00e9 na verdade uma conquista da humanidade.<\/p>\n<p>O mundo venceu diversas pestes, in\u00fameros males com a vacina e n\u00e3o se pode acreditar em not\u00edcias falsas contr\u00e1rias a isso. Logo, \u00e9 dever de todas as escolas p\u00fablicas e particulares do Cear\u00e1 exigir o documento. Caso este n\u00e3o esteja atualizado, os pais t\u00eam 30 dias para faz\u00ea-lo. Se, mesmo assim, o prazo n\u00e3o for suficiente, a escola poder\u00e1 efetuar a matr\u00edcula, por\u00e9m deve comunicar ao conselho tutelar e ao Minist\u00e9rio P\u00fablico da Inf\u00e2ncia e Juventude para que se tomem as medidas cab\u00edveis.<\/p>\n<p>Como m\u00e9dico e parlamentar, alerto que uma crian\u00e7a que n\u00e3o esteja devidamente vacinada pode trazer doen\u00e7as para toda a escola, para todo um munic\u00edpio. Sendo assim, cuidemos de cada cidad\u00e3o, cada cidad\u00e3, para que o coletivo se fortale\u00e7a. Por uma quest\u00e3o de cidadania, por uma quest\u00e3o de respeito.<\/p>\n<!-- AddThis Advanced Settings generic via filter on the_content --><!-- AddThis Share Buttons generic via filter on the_content -->","protected":false},"excerpt":{"rendered":"<p>N\u00e3o \u00e9 \u00e0 toa que o Parlamento \u00e9 conhecido como a casa do povo. Tamb\u00e9m n\u00e3o \u00e9 apenas ret\u00f3rico que n\u00f3s, Deputados, sejamos representantes da popula\u00e7\u00e3o. Essas associa\u00e7\u00f5es t\u00eam a ver com nossa preocupa\u00e7\u00e3o cotidiana: entender as mudan\u00e7as pelas quais passam a sociedade e tentar traduzir isso em debates e discuss\u00f5es que resultem em propostas&#8230;<!-- AddThis Advanced Settings generic via filter on wp_trim_excerpt --><!-- AddThis Share Buttons generic via filter on wp_trim_excerpt --><\/p>\n","protected":false},"author":17,"featured_media":69263,"comment_status":"closed","ping_status":"closed","sticky":false,"template":"","format":"standard","meta":{"_monsterinsights_skip_tracking":false,"_monsterinsights_sitenote_active":false,"_monsterinsights_sitenote_note":"","_monsterinsights_sitenote_category":0,"_uf_show_specific_survey":0,"_uf_disable_surveys":false,"footnotes":""},"categories":[1584,1390],"tags":[],"class_list":["post-69259","post","type-post","status-publish","format-standard","has-post-thumbnail","hentry","category-artigos","category-editorias"],"acf":[],"_links":{"self":[{"href":"https:\/\/pdt-rj.org.br\/index.php\/wp-json\/wp\/v2\/posts\/69259","targetHints":{"allow":["GET"]}}],"collection":[{"href":"https:\/\/pdt-rj.org.br\/index.php\/wp-json\/wp\/v2\/posts"}],"about":[{"href":"https:\/\/pdt-rj.org.br\/index.php\/wp-json\/wp\/v2\/types\/post"}],"author":[{"embeddable":true,"href":"https:\/\/pdt-rj.org.br\/index.php\/wp-json\/wp\/v2\/users\/17"}],"replies":[{"embeddable":true,"href":"https:\/\/pdt-rj.org.br\/index.php\/wp-json\/wp\/v2\/comments?post=69259"}],"version-history":[{"count":5,"href":"https:\/\/pdt-rj.org.br\/index.php\/wp-json\/wp\/v2\/posts\/69259\/revisions"}],"predecessor-version":[{"id":69265,"href":"https:\/\/pdt-rj.org.br\/index.php\/wp-json\/wp\/v2\/posts\/69259\/revisions\/69265"}],"wp:featuredmedia":[{"embeddable":true,"href":"https:\/\/pdt-rj.org.br\/index.php\/wp-json\/wp\/v2\/media\/69263"}],"wp:attachment":[{"href":"https:\/\/pdt-rj.org.br\/index.php\/wp-json\/wp\/v2\/media?parent=69259"}],"wp:term":[{"taxonomy":"category","embeddable":true,"href":"https:\/\/pdt-rj.org.br\/index.php\/wp-json\/wp\/v2\/categories?post=69259"},{"taxonomy":"post_tag","embeddable":true,"href":"https:\/\/pdt-rj.org.br\/index.php\/wp-json\/wp\/v2\/tags?post=69259"}],"curies":[{"name":"wp","href":"https:\/\/api.w.org\/{rel}","templated":true}]}}