{"id":69232,"date":"2019-12-23T17:55:45","date_gmt":"2019-12-23T20:55:45","guid":{"rendered":"http:\/\/pdt-rj.org.br\/?p=69232"},"modified":"2019-12-23T18:09:51","modified_gmt":"2019-12-23T21:09:51","slug":"a-precarizacao-do-trabalho-como-um-dos-fatores-de-agravamento-da-crise-economica","status":"publish","type":"post","link":"https:\/\/pdt-rj.org.br\/index.php\/a-precarizacao-do-trabalho-como-um-dos-fatores-de-agravamento-da-crise-economica\/","title":{"rendered":"A precariza\u00e7\u00e3o do trabalho como um dos fatores de agravamento da crise econ\u00f4mica"},"content":{"rendered":"<p>O debate pol\u00edtico acerca da avalia\u00e7\u00e3o do Governo Federal tem se consolidado em torno da taxa de gera\u00e7\u00e3o de emprego. E \u00e9 bem verdade que alguns postos de trabalho de carteira assinada v\u00eam sendo criados ao longo de 2019. Com a \u00faltima Reforma Trabalhista aprovada em 2017, \u00e9 poss\u00edvel que o trabalhador tenha sua carteira assinada, mas n\u00e3o possua condi\u00e7\u00e3o de vida digna e adequada.<\/p>\n<p>Resumindo: o trabalhador passou a ganhar menos, reduziu sua qualidade de vida e em consequ\u00eancia disso, deixa de consumir no mercado, agravando a crise econ\u00f4mica no pa\u00eds. Portanto, \u00e9 necess\u00e1rio que avaliemos al\u00e9m da gera\u00e7\u00e3o de emprego, a qualidade de vida das pessoas e as condi\u00e7\u00f5es de emprego geradas. \u00c9 preciso avaliar a carga hor\u00e1ria empreendida nesse novo emprego e na nova carteira assinada.<\/p>\n<p>Ainda, se de fato essa jornada de trabalho permita que um sal\u00e1rio digno seja pago e que o trabalhador possa sustentar sua fam\u00edlia. Observamos sistematicamente em Fortaleza, novos postos de trabalho sendo criados com pessoas ganhando bem menos que um sal\u00e1rio m\u00ednimo e continuando na linha de extrema pobreza, mesmo estando trabalhando (guardando semelhan\u00e7as hist\u00f3ricas com a escravid\u00e3o, onde trabalhavam apenas por moradia e alimenta\u00e7\u00e3o).<\/p>\n<p>Portanto, n\u00e3o \u00e9 preciso apenas gerar emprego e sim, criar oportunidades com qualidade, sal\u00e1rio justo e condi\u00e7\u00f5es dignas de trabalho. Segundo o IBGE, faltou trabalho para 28,3 milh\u00f5es de pessoas no 1\u00b0 trimestre de 2019 e segundo Pesquisa Nacional por Amostra de Domic\u00edlios Cont\u00ednua (PNAD), a taxa de desocupa\u00e7\u00e3o \u00e9 de 11,8%, onde a taxa de subutiliza\u00e7\u00e3o \u00e9 de 24,6% referente ao mesmo per\u00edodo. O levantamento aponta ainda que 11,8 milh\u00f5es de pessoas trabalham sem carteira assinada no setor privado, tamb\u00e9m considerado um recorde na s\u00e9rie hist\u00f3rica do IBGE.<\/p>\n<!-- AddThis Advanced Settings generic via filter on the_content --><!-- AddThis Share Buttons generic via filter on the_content -->","protected":false},"excerpt":{"rendered":"<p>O debate pol\u00edtico acerca da avalia\u00e7\u00e3o do Governo Federal tem se consolidado em torno da taxa de gera\u00e7\u00e3o de emprego. E \u00e9 bem verdade que alguns postos de trabalho de carteira assinada v\u00eam sendo criados ao longo de 2019. Com a \u00faltima Reforma Trabalhista aprovada em 2017, \u00e9 poss\u00edvel que o trabalhador tenha sua carteira&#8230;<!-- AddThis Advanced Settings generic via filter on wp_trim_excerpt --><!-- AddThis Share Buttons generic via filter on wp_trim_excerpt --><\/p>\n","protected":false},"author":17,"featured_media":69233,"comment_status":"closed","ping_status":"closed","sticky":false,"template":"","format":"standard","meta":{"_monsterinsights_skip_tracking":false,"_monsterinsights_sitenote_active":false,"_monsterinsights_sitenote_note":"","_monsterinsights_sitenote_category":0,"_uf_show_specific_survey":0,"_uf_disable_surveys":false,"footnotes":""},"categories":[1584,1390],"tags":[],"class_list":["post-69232","post","type-post","status-publish","format-standard","has-post-thumbnail","hentry","category-artigos","category-editorias"],"acf":[],"_links":{"self":[{"href":"https:\/\/pdt-rj.org.br\/index.php\/wp-json\/wp\/v2\/posts\/69232","targetHints":{"allow":["GET"]}}],"collection":[{"href":"https:\/\/pdt-rj.org.br\/index.php\/wp-json\/wp\/v2\/posts"}],"about":[{"href":"https:\/\/pdt-rj.org.br\/index.php\/wp-json\/wp\/v2\/types\/post"}],"author":[{"embeddable":true,"href":"https:\/\/pdt-rj.org.br\/index.php\/wp-json\/wp\/v2\/users\/17"}],"replies":[{"embeddable":true,"href":"https:\/\/pdt-rj.org.br\/index.php\/wp-json\/wp\/v2\/comments?post=69232"}],"version-history":[{"count":7,"href":"https:\/\/pdt-rj.org.br\/index.php\/wp-json\/wp\/v2\/posts\/69232\/revisions"}],"predecessor-version":[{"id":69241,"href":"https:\/\/pdt-rj.org.br\/index.php\/wp-json\/wp\/v2\/posts\/69232\/revisions\/69241"}],"wp:featuredmedia":[{"embeddable":true,"href":"https:\/\/pdt-rj.org.br\/index.php\/wp-json\/wp\/v2\/media\/69233"}],"wp:attachment":[{"href":"https:\/\/pdt-rj.org.br\/index.php\/wp-json\/wp\/v2\/media?parent=69232"}],"wp:term":[{"taxonomy":"category","embeddable":true,"href":"https:\/\/pdt-rj.org.br\/index.php\/wp-json\/wp\/v2\/categories?post=69232"},{"taxonomy":"post_tag","embeddable":true,"href":"https:\/\/pdt-rj.org.br\/index.php\/wp-json\/wp\/v2\/tags?post=69232"}],"curies":[{"name":"wp","href":"https:\/\/api.w.org\/{rel}","templated":true}]}}