{"id":69169,"date":"2019-12-19T19:17:02","date_gmt":"2019-12-19T22:17:02","guid":{"rendered":"http:\/\/pdt-rj.org.br\/?p=69169"},"modified":"2019-12-19T19:17:02","modified_gmt":"2019-12-19T22:17:02","slug":"mct-convoca-comissoes-estaduais-a-enviar-informacoes-para-reorganizacao-das-diretorias","status":"publish","type":"post","link":"https:\/\/pdt-rj.org.br\/index.php\/mct-convoca-comissoes-estaduais-a-enviar-informacoes-para-reorganizacao-das-diretorias\/","title":{"rendered":"MCT convoca Comiss\u00f5es Estaduais a enviar informa\u00e7\u00f5es para reorganiza\u00e7\u00e3o das diretorias"},"content":{"rendered":"<p>A Dire\u00e7\u00e3o Nacional do Movimento Comunit\u00e1rio Trabalhista (MCT) do PDT convoca, por meio de Of\u00edcio, todas as Comiss\u00f5es Estaduais\u00a0 do movimento a enviarem as informa\u00e7\u00f5es que possibilitar\u00e3o a reorganiza\u00e7\u00e3o das Dire\u00e7\u00f5es Estaduais.\u00a0 O prazo de envio, em car\u00e1ter irrevog\u00e1vel, \u00e9 30 dias, a partir de 20 de dezembro de 2019.<\/p>\n<p>O MCT alerta para o fato de que, as Dire\u00e7\u00f5es Estaduais que n\u00e3o cumprirem tais obriga\u00e7\u00f5es poder\u00e3o ser reestruturadas para resguardar o andamento regular dos trabalhos junto ao MCT Nacional.<\/p>\n<p>Abaixo, segue as informa\u00e7\u00f5es que devem ser fornecidas:<\/p>\n<p>1) Relacionar os munic\u00edpios onde o Movimento Comunit\u00e1rio Trabalhista est\u00e1 organizado contendo nome das diretorias, data do mandato, e-mail e telefone celular do presidente e secret\u00e1rio(a)-geral, com as referidas atas de posse, como tamb\u00e9m as referidas dire\u00e7\u00f5es estaduais.<\/p>\n<p>2) Organizar o Movimento Comunit\u00e1rio Trabalhista nos munic\u00edpios, caso as Dire\u00e7\u00f5es Estaduais n\u00e3o tenham conseguido, apresentar uma proposta para estabelecimento em pelo menos 10% dos munic\u00edpios em um prazo de seis meses.<\/p>\n<p>3) Apresentar \u00e0 Dire\u00e7\u00e3o Nacional do Movimento Comunit\u00e1rio Trabalhista nossos poss\u00edveis pr\u00e9-candidatos para as elei\u00e7\u00f5es municipais de 2020.<\/p>\n<p>4) As Dire\u00e7\u00f5es Estaduais do MCT devem apresentar 150 filiados, ao MCT em um prazo de 60 (sessenta) dias, a partir de 05 de janeiro. Solicitar as artes das fichas atrav\u00e9s dos emails mct.presidencia2020@gmail.com e mctpdtsp@gmail.com.<\/p>\n<p><strong>Endere\u00e7o eletr\u00f4nico para envio das informa\u00e7\u00f5es<\/strong><\/p>\n<p>Solicitamos o envio dos referidos documentos para os seguintes e-mails: mct.presidencia2020@gmail.com e mctpdtsp@gmail.com.<\/p>\n<p>Caber\u00e1 \u00e0 Presid\u00eancia do Movimento Comunit\u00e1rio Trabalhista e a Secretaria Geral do Movimento acusarem o recebimento dos arquivos.<\/p>\n<p>&nbsp;<\/p>\n<!-- AddThis Advanced Settings generic via filter on the_content --><!-- AddThis Share Buttons generic via filter on the_content -->","protected":false},"excerpt":{"rendered":"<p>A Dire\u00e7\u00e3o Nacional do Movimento Comunit\u00e1rio Trabalhista (MCT) do PDT convoca, por meio de Of\u00edcio, todas as Comiss\u00f5es Estaduais\u00a0 do movimento a enviarem as informa\u00e7\u00f5es que possibilitar\u00e3o a reorganiza\u00e7\u00e3o das Dire\u00e7\u00f5es Estaduais.\u00a0 O prazo de envio, em car\u00e1ter irrevog\u00e1vel, \u00e9 30 dias, a partir de 20 de dezembro de 2019. O MCT alerta para o&#8230;<!-- AddThis Advanced Settings generic via filter on wp_trim_excerpt --><!-- AddThis Share Buttons generic via filter on wp_trim_excerpt --><\/p>\n","protected":false},"author":17,"featured_media":66262,"comment_status":"closed","ping_status":"closed","sticky":false,"template":"","format":"standard","meta":{"_monsterinsights_skip_tracking":false,"_monsterinsights_sitenote_active":false,"_monsterinsights_sitenote_note":"","_monsterinsights_sitenote_category":0,"_uf_show_specific_survey":0,"_uf_disable_surveys":false,"footnotes":""},"categories":[1390,2605,1397],"tags":[],"class_list":["post-69169","post","type-post","status-publish","format-standard","has-post-thumbnail","hentry","category-editorias","category-movimento-comunitario-trabalhista","category-movimentos"],"acf":[],"_links":{"self":[{"href":"https:\/\/pdt-rj.org.br\/index.php\/wp-json\/wp\/v2\/posts\/69169","targetHints":{"allow":["GET"]}}],"collection":[{"href":"https:\/\/pdt-rj.org.br\/index.php\/wp-json\/wp\/v2\/posts"}],"about":[{"href":"https:\/\/pdt-rj.org.br\/index.php\/wp-json\/wp\/v2\/types\/post"}],"author":[{"embeddable":true,"href":"https:\/\/pdt-rj.org.br\/index.php\/wp-json\/wp\/v2\/users\/17"}],"replies":[{"embeddable":true,"href":"https:\/\/pdt-rj.org.br\/index.php\/wp-json\/wp\/v2\/comments?post=69169"}],"version-history":[{"count":1,"href":"https:\/\/pdt-rj.org.br\/index.php\/wp-json\/wp\/v2\/posts\/69169\/revisions"}],"predecessor-version":[{"id":69184,"href":"https:\/\/pdt-rj.org.br\/index.php\/wp-json\/wp\/v2\/posts\/69169\/revisions\/69184"}],"wp:featuredmedia":[{"embeddable":true,"href":"https:\/\/pdt-rj.org.br\/index.php\/wp-json\/wp\/v2\/media\/66262"}],"wp:attachment":[{"href":"https:\/\/pdt-rj.org.br\/index.php\/wp-json\/wp\/v2\/media?parent=69169"}],"wp:term":[{"taxonomy":"category","embeddable":true,"href":"https:\/\/pdt-rj.org.br\/index.php\/wp-json\/wp\/v2\/categories?post=69169"},{"taxonomy":"post_tag","embeddable":true,"href":"https:\/\/pdt-rj.org.br\/index.php\/wp-json\/wp\/v2\/tags?post=69169"}],"curies":[{"name":"wp","href":"https:\/\/api.w.org\/{rel}","templated":true}]}}