{"id":69137,"date":"2019-12-17T17:34:20","date_gmt":"2019-12-17T20:34:20","guid":{"rendered":"http:\/\/pdt-rj.org.br\/?p=69137"},"modified":"2019-12-17T18:31:49","modified_gmt":"2019-12-17T21:31:49","slug":"manoel-dias-participa-do-20o-aniversario-do-retorno-de-macau-a-china","status":"publish","type":"post","link":"https:\/\/pdt-rj.org.br\/index.php\/manoel-dias-participa-do-20o-aniversario-do-retorno-de-macau-a-china\/","title":{"rendered":"Manoel Dias participa do 20\u00ba anivers\u00e1rio do retorno de Macau \u00e0 China"},"content":{"rendered":"<p>Nessa segunda-feira (16), o secret\u00e1rio &#8211; geral do PDT e presidente da Funda\u00e7\u00e3o Leonel Brizola-Alberto Pasqualini (FLB-AP), Manoel Dias, participou da exposi\u00e7\u00e3o fotogr\u00e1fica em comemora\u00e7\u00e3o ao 20\u00b0 anivers\u00e1rio do retorno de Macau \u00e0 China. O encontro aconteceu na Embaixada da China no Brasil, em Bras\u00edlia.<\/p>\n<p>Na ocasi\u00e3o, os convidados puderam conferir fotografias e v\u00eddeos que mostram as conquistas de Macau desde o seu retorno \u00e0 China.<\/p>\n<p>\u201c\u00c9 com uma imensa alegria que eu comemoro com os companheiros chineses mais esse avan\u00e7o na hist\u00f3ria do pa\u00eds. E fico ainda mais feliz com o compromisso que a Funda\u00e7\u00e3o Leonel Brizola &#8211; Alberto Pasqualini tem para com o Comit\u00ea Central do Partido Comunista Chin\u00eas para\u00a0 fortalecer a rela\u00e7\u00e3o entre Brasil e China\u201d, afirmou Manoel Dias.<\/p>\n<p>J\u00e1 o embaixador da China no Brasil, Yang Wanming, abordou, em seu discurso, o crescimento da economia de Macau, educa\u00e7\u00e3o, sa\u00fade e assist\u00eancia aos idosos que melhoram cada dia mais.<\/p>\n<p>\u201cAs conquistas de Macau no campo do desenvolvimento s\u00e3o prova do sucesso da pol\u00edtica fundamental de \u2018um pa\u00eds, dois sistemas\u2019, que oferece uma condi\u00e7\u00e3o primordial para garantir a prosperidade, a estabilidade e o maior crescimento de Macau e de Hong Kong\u201d.<\/p>\n<!-- AddThis Advanced Settings generic via filter on the_content --><!-- AddThis Share Buttons generic via filter on the_content -->","protected":false},"excerpt":{"rendered":"<p>Nessa segunda-feira (16), o secret\u00e1rio &#8211; geral do PDT e presidente da Funda\u00e7\u00e3o Leonel Brizola-Alberto Pasqualini (FLB-AP), Manoel Dias, participou da exposi\u00e7\u00e3o fotogr\u00e1fica em comemora\u00e7\u00e3o ao 20\u00b0 anivers\u00e1rio do retorno de Macau \u00e0 China. O encontro aconteceu na Embaixada da China no Brasil, em Bras\u00edlia. Na ocasi\u00e3o, os convidados puderam conferir fotografias e v\u00eddeos que&#8230;<!-- AddThis Advanced Settings generic via filter on wp_trim_excerpt --><!-- AddThis Share Buttons generic via filter on wp_trim_excerpt --><\/p>\n","protected":false},"author":17,"featured_media":69139,"comment_status":"closed","ping_status":"closed","sticky":false,"template":"","format":"standard","meta":{"_monsterinsights_skip_tracking":false,"_monsterinsights_sitenote_active":false,"_monsterinsights_sitenote_note":"","_monsterinsights_sitenote_category":0,"_uf_show_specific_survey":0,"_uf_disable_surveys":false,"footnotes":""},"categories":[1401,976],"tags":[],"class_list":["post-69137","post","type-post","status-publish","format-standard","has-post-thumbnail","hentry","category-nacional","category-noticias-em-destaque"],"acf":[],"_links":{"self":[{"href":"https:\/\/pdt-rj.org.br\/index.php\/wp-json\/wp\/v2\/posts\/69137","targetHints":{"allow":["GET"]}}],"collection":[{"href":"https:\/\/pdt-rj.org.br\/index.php\/wp-json\/wp\/v2\/posts"}],"about":[{"href":"https:\/\/pdt-rj.org.br\/index.php\/wp-json\/wp\/v2\/types\/post"}],"author":[{"embeddable":true,"href":"https:\/\/pdt-rj.org.br\/index.php\/wp-json\/wp\/v2\/users\/17"}],"replies":[{"embeddable":true,"href":"https:\/\/pdt-rj.org.br\/index.php\/wp-json\/wp\/v2\/comments?post=69137"}],"version-history":[{"count":4,"href":"https:\/\/pdt-rj.org.br\/index.php\/wp-json\/wp\/v2\/posts\/69137\/revisions"}],"predecessor-version":[{"id":69158,"href":"https:\/\/pdt-rj.org.br\/index.php\/wp-json\/wp\/v2\/posts\/69137\/revisions\/69158"}],"wp:featuredmedia":[{"embeddable":true,"href":"https:\/\/pdt-rj.org.br\/index.php\/wp-json\/wp\/v2\/media\/69139"}],"wp:attachment":[{"href":"https:\/\/pdt-rj.org.br\/index.php\/wp-json\/wp\/v2\/media?parent=69137"}],"wp:term":[{"taxonomy":"category","embeddable":true,"href":"https:\/\/pdt-rj.org.br\/index.php\/wp-json\/wp\/v2\/categories?post=69137"},{"taxonomy":"post_tag","embeddable":true,"href":"https:\/\/pdt-rj.org.br\/index.php\/wp-json\/wp\/v2\/tags?post=69137"}],"curies":[{"name":"wp","href":"https:\/\/api.w.org\/{rel}","templated":true}]}}