{"id":69114,"date":"2019-12-16T12:04:18","date_gmt":"2019-12-16T15:04:18","guid":{"rendered":"http:\/\/pdt-rj.org.br\/?p=69114"},"modified":"2019-12-16T12:06:15","modified_gmt":"2019-12-16T15:06:15","slug":"pdt-axe-e-o-primeiro-movimento-partidario-voltado-aos-povos-tradicionais-de-matriz-africana","status":"publish","type":"post","link":"https:\/\/pdt-rj.org.br\/index.php\/pdt-axe-e-o-primeiro-movimento-partidario-voltado-aos-povos-tradicionais-de-matriz-africana\/","title":{"rendered":"PDT Ax\u00e9 \u00e9 o primeiro movimento partid\u00e1rio voltado aos povos tradicionais de matriz africana"},"content":{"rendered":"<p>O PDT Ax\u00e9 foi oficializado durante a \u00faltima reuni\u00e3o do Diret\u00f3rio Nacional, no dia 22 de novembro, no Rio de Janeiro. Criado para atuar em favor dos povos tradicionais de matriz africana, o novo movimento da legenda trabalhista tem como presidente nacional Marcelo Monteiro e conta com nove comiss\u00f5es regionais provis\u00f3rias.<\/p>\n<p>Diferente do Movimento Negro que atua exclusivamente em defesa da popula\u00e7\u00e3o da ra\u00e7a no pa\u00eds, o PDT Ax\u00e9 destina-se a agir em pautas que envolvam quaisquer atores identificados com a cultura de matriz africana, os povos de Ax\u00e9. Como \u00e9 habitual da legenda, a iniciativa \u00e9 vanguardista dentro do universo partid\u00e1rio brasileiro.<\/p>\n<p>\u201cO movimento PDT Ax\u00e9 tem um papel important\u00edssimo pelo seu pioneirismo em defender um setor da sociedade que carece de representa\u00e7\u00e3o. Os povos de ax\u00e9 sofrem ataques o tempo topo, principalmente em um momento em que a democracia no pa\u00eds est\u00e1 amea\u00e7ada e a laicidade do Estado j\u00e1 n\u00e3o existe. Ent\u00e3o \u00e9 preciso um instrumento que defenda essa popula\u00e7\u00e3o formada por pessoas de diferentes ra\u00e7as e cores, mas que convergem na ancestralidade cultural\u201d, explica Marcelo.<\/p>\n<p>Apesar de oficializado no \u00faltimo m\u00eas, o PDT Ax\u00e9 foi criado em 2017 e, em outubro daquele ano, publicou sua carta manifesto. Leia o documento abaixo.<\/p>\n<p>&nbsp;<\/p>\n<p><strong>CARTA MANIFESTO<\/strong><\/p>\n<p><em>N\u00e3o basta ser de Ax\u00e9.<\/em><\/p>\n<p><em>A sociedade brasileira passa por uma crise das mais dif\u00edceis de sua hist\u00f3ria. N\u00e3o s\u00f3 pelo atraso econ\u00f4mico, mas, principalmente, pela sa\u00edda que as elites olig\u00e1rquicas apontam como solu\u00e7\u00e3o unilateral para essa crise: a pol\u00edtica de &#8220;ave de rapina&#8221; implementada que visa responsabilizar e punir os trabalhadores e os setores menos favorecidos pelo capitalismo, furtando-lhes Direitos conquistados em d\u00e9cadas de lutas. <\/em><\/p>\n<p><em>Diante deste quadro, e pela crescente campanha de viol\u00eancias, inclusive religiosa, que j\u00e1 se transformou em atos de selvageria \u2013 com Terreiros incendiados, Sacerdotes e Sacerdotisas expulsos de seus espa\u00e7os sagrados e at\u00e9 mesmo assassinados \u2013 n\u00f3s, militantes do PDT, decidimos criar o PDT AX\u00c9 como organiza\u00e7\u00e3o para enfrentar, de forma sistem\u00e1tica e democr\u00e1tica, os ataques que as religi\u00f5es e a cultura de matriz africana t\u00eam sofrido.<\/em><\/p>\n<p><em>Afirmamos ainda nossa posi\u00e7\u00e3o firme e resoluta no combate ao RACISMO e a qualquer forma de discrimina\u00e7\u00e3o, aglutinando e buscando orientar, qualificar e capacitar o nosso povo atrav\u00e9s de n\u00facleos nos espa\u00e7os residenciais, profissionais, religiosos e culturais. No entanto, compreendemos que a luta que travamos s\u00f3 ser\u00e1 vencida a partir de uma perspectiva amplamente democr\u00e1tica e progressista, visando a conquista de uma sociedade igualit\u00e1ria, com oportunidades reais para homens e mulheres, crian\u00e7as, jovens e idosos, que garanta a todos \u2013 como pol\u00edtica de Estado e n\u00e3o de Governo \u2013 o pleno emprego, a Educa\u00e7\u00e3o, a Sa\u00fade, a Seguran\u00e7a P\u00fablica, o bem-estar coletivo e o fim do racismo.<\/em><\/p>\n<p><em>\u00a0<\/em><\/p>\n<p><em>Salve o PDT!<\/em><\/p>\n<p><em>Ax\u00e9 para todas e todos!<\/em><\/p>\n<!-- AddThis Advanced Settings generic via filter on the_content --><!-- AddThis Share Buttons generic via filter on the_content -->","protected":false},"excerpt":{"rendered":"<p>O PDT Ax\u00e9 foi oficializado durante a \u00faltima reuni\u00e3o do Diret\u00f3rio Nacional, no dia 22 de novembro, no Rio de Janeiro. Criado para atuar em favor dos povos tradicionais de matriz africana, o novo movimento da legenda trabalhista tem como presidente nacional Marcelo Monteiro e conta com nove comiss\u00f5es regionais provis\u00f3rias. Diferente do Movimento Negro&#8230;<!-- AddThis Advanced Settings generic via filter on wp_trim_excerpt --><!-- AddThis Share Buttons generic via filter on wp_trim_excerpt --><\/p>\n","protected":false},"author":17,"featured_media":69115,"comment_status":"closed","ping_status":"closed","sticky":false,"template":"","format":"standard","meta":{"_monsterinsights_skip_tracking":false,"_monsterinsights_sitenote_active":false,"_monsterinsights_sitenote_note":"","_monsterinsights_sitenote_category":0,"_uf_show_specific_survey":0,"_uf_disable_surveys":false,"footnotes":""},"categories":[1390,1397],"tags":[],"class_list":["post-69114","post","type-post","status-publish","format-standard","has-post-thumbnail","hentry","category-editorias","category-movimentos"],"acf":[],"_links":{"self":[{"href":"https:\/\/pdt-rj.org.br\/index.php\/wp-json\/wp\/v2\/posts\/69114","targetHints":{"allow":["GET"]}}],"collection":[{"href":"https:\/\/pdt-rj.org.br\/index.php\/wp-json\/wp\/v2\/posts"}],"about":[{"href":"https:\/\/pdt-rj.org.br\/index.php\/wp-json\/wp\/v2\/types\/post"}],"author":[{"embeddable":true,"href":"https:\/\/pdt-rj.org.br\/index.php\/wp-json\/wp\/v2\/users\/17"}],"replies":[{"embeddable":true,"href":"https:\/\/pdt-rj.org.br\/index.php\/wp-json\/wp\/v2\/comments?post=69114"}],"version-history":[{"count":3,"href":"https:\/\/pdt-rj.org.br\/index.php\/wp-json\/wp\/v2\/posts\/69114\/revisions"}],"predecessor-version":[{"id":69118,"href":"https:\/\/pdt-rj.org.br\/index.php\/wp-json\/wp\/v2\/posts\/69114\/revisions\/69118"}],"wp:featuredmedia":[{"embeddable":true,"href":"https:\/\/pdt-rj.org.br\/index.php\/wp-json\/wp\/v2\/media\/69115"}],"wp:attachment":[{"href":"https:\/\/pdt-rj.org.br\/index.php\/wp-json\/wp\/v2\/media?parent=69114"}],"wp:term":[{"taxonomy":"category","embeddable":true,"href":"https:\/\/pdt-rj.org.br\/index.php\/wp-json\/wp\/v2\/categories?post=69114"},{"taxonomy":"post_tag","embeddable":true,"href":"https:\/\/pdt-rj.org.br\/index.php\/wp-json\/wp\/v2\/tags?post=69114"}],"curies":[{"name":"wp","href":"https:\/\/api.w.org\/{rel}","templated":true}]}}