{"id":68788,"date":"2019-11-22T18:01:22","date_gmt":"2019-11-22T21:01:22","guid":{"rendered":"http:\/\/pdt-rj.org.br\/?p=68788"},"modified":"2020-01-28T19:23:53","modified_gmt":"2020-01-28T22:23:53","slug":"pdt-traca-estrategias-para-eleicoes-municipais-de-2020","status":"publish","type":"post","link":"https:\/\/pdt-rj.org.br\/index.php\/pdt-traca-estrategias-para-eleicoes-municipais-de-2020\/","title":{"rendered":"PDT tra\u00e7a estrat\u00e9gias para elei\u00e7\u00f5es municipais de 2020"},"content":{"rendered":"<p>O PDT ter\u00e1 candidatos pr\u00f3prios nas principais capitais e cidades com mais de 200 mil habitantes em 2020. Foi o que o Diret\u00f3rio Nacional do partido decidiu nesta sexta-feira (22),\u00a0 reunido no Rio de Janeiro. O encontro, realizado na sede da Funda\u00e7\u00e3o Leonel Brizola, no Centro do Rio, tamb\u00e9m serviu para discutir a situa\u00e7\u00e3o dos deputados federais que votaram contra decis\u00e3o partid\u00e1ria na Reforma da Previd\u00eancia.<\/p>\n<p>Abrindo a reuni\u00e3o, o presidente nacional do PDT, Carlos Lupi, relatou os encontros que vem mantendo com lideran\u00e7as progressistas. Essa semana, Lupi e Carlos Siqueira, presidente do PSB, se reuniram e iniciaram processo de uni\u00e3o entre as legendas j\u00e1 nas elei\u00e7\u00f5es de 2020.<\/p>\n<p>&#8220;Estou conversando com as for\u00e7as progressistas do pa\u00eds para construir uma alian\u00e7a de centro esquerda, j\u00e1 para as elei\u00e7\u00f5es municipais, mas acima de tudo iniciar as conversas em torno das elei\u00e7\u00f5es de 2022&#8221;, afirmou Lupi.<\/p>\n<p>Tamb\u00e9m entrou em pauta, na reuni\u00e3o, a situa\u00e7\u00e3o dos deputados federais que votaram contra o orienta\u00e7\u00e3o partid\u00e1ria na Reforma da Previd\u00eancia. Oito deputados tiveram suas filia\u00e7\u00f5es partid\u00e1rias suspensas por 90 dias. Destes, quatro entraram na Justi\u00e7a pedindo desfilia\u00e7\u00e3o. S\u00e3o eles: Marlon Santos (RS), Tabata Amaral (SP), Fl\u00e1vio Nogueira (PI), Gil Cutrim (MA).<\/p>\n<p>Para estes casos, o Diret\u00f3rio decidiu que seus processos na Comiss\u00e3o de \u00c9tica est\u00e3o suspensos at\u00e9 que a Justi\u00e7a decida sobre suas desfilia\u00e7\u00f5es. Para os demais deputados, seus processos internos foram extintos,\u00a0 uma vez que a suspens\u00e3o de 90 dias j\u00e1 foi cumprida. S\u00e3o eles: Alex Santana (BA), Jesus S\u00e9rgio (AC), Silvia Cristina (RO) e Subtenente Gonzaga (MG).<\/p>\n<!-- AddThis Advanced Settings generic via filter on the_content --><!-- AddThis Share Buttons generic via filter on the_content -->","protected":false},"excerpt":{"rendered":"<p>O PDT ter\u00e1 candidatos pr\u00f3prios nas principais capitais e cidades com mais de 200 mil habitantes em 2020. Foi o que o Diret\u00f3rio Nacional do partido decidiu nesta sexta-feira (22),\u00a0 reunido no Rio de Janeiro. O encontro, realizado na sede da Funda\u00e7\u00e3o Leonel Brizola, no Centro do Rio, tamb\u00e9m serviu para discutir a situa\u00e7\u00e3o dos&#8230;<!-- AddThis Advanced Settings generic via filter on wp_trim_excerpt --><!-- AddThis Share Buttons generic via filter on wp_trim_excerpt --><\/p>\n","protected":false},"author":17,"featured_media":68789,"comment_status":"closed","ping_status":"closed","sticky":false,"template":"","format":"standard","meta":{"_monsterinsights_skip_tracking":false,"_monsterinsights_sitenote_active":false,"_monsterinsights_sitenote_note":"","_monsterinsights_sitenote_category":0,"_uf_show_specific_survey":0,"_uf_disable_surveys":false,"footnotes":""},"categories":[1401,976],"tags":[196,38],"class_list":["post-68788","post","type-post","status-publish","format-standard","has-post-thumbnail","hentry","category-nacional","category-noticias-em-destaque","tag-carlos-lupi","tag-pdt"],"acf":[],"_links":{"self":[{"href":"https:\/\/pdt-rj.org.br\/index.php\/wp-json\/wp\/v2\/posts\/68788","targetHints":{"allow":["GET"]}}],"collection":[{"href":"https:\/\/pdt-rj.org.br\/index.php\/wp-json\/wp\/v2\/posts"}],"about":[{"href":"https:\/\/pdt-rj.org.br\/index.php\/wp-json\/wp\/v2\/types\/post"}],"author":[{"embeddable":true,"href":"https:\/\/pdt-rj.org.br\/index.php\/wp-json\/wp\/v2\/users\/17"}],"replies":[{"embeddable":true,"href":"https:\/\/pdt-rj.org.br\/index.php\/wp-json\/wp\/v2\/comments?post=68788"}],"version-history":[{"count":6,"href":"https:\/\/pdt-rj.org.br\/index.php\/wp-json\/wp\/v2\/posts\/68788\/revisions"}],"predecessor-version":[{"id":68863,"href":"https:\/\/pdt-rj.org.br\/index.php\/wp-json\/wp\/v2\/posts\/68788\/revisions\/68863"}],"wp:featuredmedia":[{"embeddable":true,"href":"https:\/\/pdt-rj.org.br\/index.php\/wp-json\/wp\/v2\/media\/68789"}],"wp:attachment":[{"href":"https:\/\/pdt-rj.org.br\/index.php\/wp-json\/wp\/v2\/media?parent=68788"}],"wp:term":[{"taxonomy":"category","embeddable":true,"href":"https:\/\/pdt-rj.org.br\/index.php\/wp-json\/wp\/v2\/categories?post=68788"},{"taxonomy":"post_tag","embeddable":true,"href":"https:\/\/pdt-rj.org.br\/index.php\/wp-json\/wp\/v2\/tags?post=68788"}],"curies":[{"name":"wp","href":"https:\/\/api.w.org\/{rel}","templated":true}]}}