{"id":68764,"date":"2019-11-22T13:06:03","date_gmt":"2019-11-22T16:06:03","guid":{"rendered":"http:\/\/pdt-rj.org.br\/?p=68764"},"modified":"2019-11-22T18:07:44","modified_gmt":"2019-11-22T21:07:44","slug":"pdt-entra-com-acao-no-stf-contra-medida-anti-trabalhista-do-governo","status":"publish","type":"post","link":"https:\/\/pdt-rj.org.br\/index.php\/pdt-entra-com-acao-no-stf-contra-medida-anti-trabalhista-do-governo\/","title":{"rendered":"PDT entra com a\u00e7\u00e3o no STF contra medida anti-trabalhista do Governo"},"content":{"rendered":"<p><em>MP do Contrato Verde e Amarelo fragiliza ainda mais as rela\u00e7\u00f5es de trabalho e p\u00f5e em risco os direitos do trabalhador<\/em><\/p>\n<p>O PDT impetrou A\u00e7\u00e3o Direta de Inconstitucionalidade (ADI) contra a Medida Provis\u00f3ria 905\/2019 do presidente da Rep\u00fablica, na tarde de ontem (21). Conhecida como MP do Contrato Verde e Amarelo, a decis\u00e3o unilateral do Executivo fere as Leis Trabalhistas e a pr\u00f3pria Constitui\u00e7\u00e3o Federal.<\/p>\n<p>\u201cA institui\u00e7\u00e3o do Contrato de Trabalho Verde e Amarelo [&#8230;] cria regras que fragilizam a tutela do trabalhador e desequilibram a rela\u00e7\u00e3o de trabalho, al\u00e9m do que comete o despudor de taxar hipossuficientes sociais que est\u00e3o afastados do mercado de trabalho. O ato normativo [&#8230;] propugna uma adultera\u00e7\u00e3o massiva e desordenada \u00e0 legisla\u00e7\u00e3o trabalhista, implicando na altera\u00e7\u00e3o e cria\u00e7\u00e3o de diversos dispositivos, bem como na revoga\u00e7\u00e3o ca\u00f3tica de tantos outros, colocando a redu\u00e7\u00e3o de passivo do empregador como fim superior \u00e0 pr\u00f3pria sistem\u00e1tica da previd\u00eancia social, do sistema tribut\u00e1rio nacional e de princ\u00edpios constitucionais\u201d, argumenta o documento pedetista.<\/p>\n<p>De acordo com not\u00edcia da Ag\u00eancia Senado, \u201ca norma modifica 135 t\u00f3picos constitucionais, entre artigos, incisos e par\u00e1grafos relacionados aos direitos trabalhistas, mais do que reforma trabalhista aprovada durante o governo Temer (Lei 13.467, de 2017)\u201d.<\/p>\n<p>Sendo atributo dos partidos pol\u00edticos brasileiros zelar pela observ\u00e2ncia da Carta Magna Federal \u2013 e cerne trabalhista a defesa do trabalhador e da justa rela\u00e7\u00e3o de trabalho \u2013, o PDT apela ao Supremo pela impugna\u00e7\u00e3o da MP. A a\u00e7\u00e3o partid\u00e1ria \u00e9 l\u00facida e urgente, uma vez que, al\u00e9m de apresentar coer\u00eancia com suas bandeiras, busca resguardar a ordem constitucional do pa\u00eds.<\/p>\n<!-- AddThis Advanced Settings generic via filter on the_content --><!-- AddThis Share Buttons generic via filter on the_content -->","protected":false},"excerpt":{"rendered":"<p>MP do Contrato Verde e Amarelo fragiliza ainda mais as rela\u00e7\u00f5es de trabalho e p\u00f5e em risco os direitos do trabalhador O PDT impetrou A\u00e7\u00e3o Direta de Inconstitucionalidade (ADI) contra a Medida Provis\u00f3ria 905\/2019 do presidente da Rep\u00fablica, na tarde de ontem (21). Conhecida como MP do Contrato Verde e Amarelo, a decis\u00e3o unilateral do&#8230;<!-- AddThis Advanced Settings generic via filter on wp_trim_excerpt --><!-- AddThis Share Buttons generic via filter on wp_trim_excerpt --><\/p>\n","protected":false},"author":17,"featured_media":67130,"comment_status":"closed","ping_status":"closed","sticky":false,"template":"","format":"standard","meta":{"_monsterinsights_skip_tracking":false,"_monsterinsights_sitenote_active":false,"_monsterinsights_sitenote_note":"","_monsterinsights_sitenote_category":0,"_uf_show_specific_survey":0,"_uf_disable_surveys":false,"footnotes":""},"categories":[1401,976],"tags":[],"class_list":["post-68764","post","type-post","status-publish","format-standard","has-post-thumbnail","hentry","category-nacional","category-noticias-em-destaque"],"acf":[],"_links":{"self":[{"href":"https:\/\/pdt-rj.org.br\/index.php\/wp-json\/wp\/v2\/posts\/68764","targetHints":{"allow":["GET"]}}],"collection":[{"href":"https:\/\/pdt-rj.org.br\/index.php\/wp-json\/wp\/v2\/posts"}],"about":[{"href":"https:\/\/pdt-rj.org.br\/index.php\/wp-json\/wp\/v2\/types\/post"}],"author":[{"embeddable":true,"href":"https:\/\/pdt-rj.org.br\/index.php\/wp-json\/wp\/v2\/users\/17"}],"replies":[{"embeddable":true,"href":"https:\/\/pdt-rj.org.br\/index.php\/wp-json\/wp\/v2\/comments?post=68764"}],"version-history":[{"count":7,"href":"https:\/\/pdt-rj.org.br\/index.php\/wp-json\/wp\/v2\/posts\/68764\/revisions"}],"predecessor-version":[{"id":68797,"href":"https:\/\/pdt-rj.org.br\/index.php\/wp-json\/wp\/v2\/posts\/68764\/revisions\/68797"}],"wp:featuredmedia":[{"embeddable":true,"href":"https:\/\/pdt-rj.org.br\/index.php\/wp-json\/wp\/v2\/media\/67130"}],"wp:attachment":[{"href":"https:\/\/pdt-rj.org.br\/index.php\/wp-json\/wp\/v2\/media?parent=68764"}],"wp:term":[{"taxonomy":"category","embeddable":true,"href":"https:\/\/pdt-rj.org.br\/index.php\/wp-json\/wp\/v2\/categories?post=68764"},{"taxonomy":"post_tag","embeddable":true,"href":"https:\/\/pdt-rj.org.br\/index.php\/wp-json\/wp\/v2\/tags?post=68764"}],"curies":[{"name":"wp","href":"https:\/\/api.w.org\/{rel}","templated":true}]}}