{"id":68747,"date":"2019-11-19T19:49:09","date_gmt":"2019-11-19T22:49:09","guid":{"rendered":"http:\/\/pdt-rj.org.br\/?p=68747"},"modified":"2019-11-19T19:49:09","modified_gmt":"2019-11-19T22:49:09","slug":"pedetistas-integram-compor-a-cpi-para-investigar-a-origem-do-oleo-nas-praias-brasileiras","status":"publish","type":"post","link":"https:\/\/pdt-rj.org.br\/index.php\/pedetistas-integram-compor-a-cpi-para-investigar-a-origem-do-oleo-nas-praias-brasileiras\/","title":{"rendered":"Pedetistas integram compor a CPI para investigar a origem do \u00f3leo nas praias brasileiras"},"content":{"rendered":"<p>O l\u00edder do PDT, deputado Andr\u00e9 Figueiredo (CE), indicou os pedetistas Eduardo Bismarck (CE) e F\u00e1bio Henrique (SE), para compor a Comiss\u00e3o Parlamentar de Inqu\u00e9rito (CPI) que vai investigar a origem das manchas de \u00f3leo que atingem as praias do Nordeste e do Esp\u00edrito Santo.<\/p>\n<p>Inicialmente, o Ibama divulgou que as primeiras manchas apareceram em 2 de setembro nas cidades de Ipojuca e Olinda, em Pernambuco. Em seguida, o instituto o concluiu que os primeiros registros nas praias surgiram em 30 de agosto na Para\u00edba, em Tambaba e Gramame, no munic\u00edpio de Conde, e na Praia Bela, em Pitimbu.<\/p>\n<p>Recentemente, o Ibama divulgou a lista atualizada com os 607 locais do litoral brasileiro que j\u00e1 foram atingidos pelas manchas de \u00f3leo. S\u00e3o 115 munic\u00edpios afetados em 10 Estados (AL, BA, CE, ES, MA, PB, PE, PI, RN e SE).<\/p>\n<p>Eduardo Bismarck \u00e9 natural de Fortaleza (CE). Bacharel em direito pelo Uniceub (Bras\u00edlia), atuou por v\u00e1rios anos nas \u00e1reas civil e administrativa, com \u00eanfase nos setores de energia e minera\u00e7\u00e3o. Advogou tamb\u00e9m para entidades representativas de trabalhadores e lecionou como professor convidado em cursos de p\u00f3s-gradua\u00e7\u00e3o.<\/p>\n<p>F\u00e1bio Henrique, nascido em Sim\u00e3o Dias (SE), policial rodovi\u00e1rio federal e advogado \u00e9 formado pela Universidade Tiradentes de Sergipe. O parlamentar tem posi\u00e7\u00e3o firme e cobra urg\u00eancia na solu\u00e7\u00e3o do problema. \u201cIremos investigar a origem das manchas de \u00f3leo, bem como avaliar as responsabilidades pelo vazamento e procurar medidas para avaliar os danos\u201d, ressalta.<\/p>\n<p>&nbsp;<\/p>\n<!-- AddThis Advanced Settings generic via filter on the_content --><!-- AddThis Share Buttons generic via filter on the_content -->","protected":false},"excerpt":{"rendered":"<p>O l\u00edder do PDT, deputado Andr\u00e9 Figueiredo (CE), indicou os pedetistas Eduardo Bismarck (CE) e F\u00e1bio Henrique (SE), para compor a Comiss\u00e3o Parlamentar de Inqu\u00e9rito (CPI) que vai investigar a origem das manchas de \u00f3leo que atingem as praias do Nordeste e do Esp\u00edrito Santo. Inicialmente, o Ibama divulgou que as primeiras manchas apareceram em&#8230;<!-- AddThis Advanced Settings generic via filter on wp_trim_excerpt --><!-- AddThis Share Buttons generic via filter on wp_trim_excerpt --><\/p>\n","protected":false},"author":17,"featured_media":68748,"comment_status":"closed","ping_status":"closed","sticky":false,"template":"","format":"standard","meta":{"_monsterinsights_skip_tracking":false,"_monsterinsights_sitenote_active":false,"_monsterinsights_sitenote_note":"","_monsterinsights_sitenote_category":0,"_uf_show_specific_survey":0,"_uf_disable_surveys":false,"footnotes":""},"categories":[976],"tags":[],"class_list":["post-68747","post","type-post","status-publish","format-standard","has-post-thumbnail","hentry","category-noticias-em-destaque"],"acf":[],"_links":{"self":[{"href":"https:\/\/pdt-rj.org.br\/index.php\/wp-json\/wp\/v2\/posts\/68747","targetHints":{"allow":["GET"]}}],"collection":[{"href":"https:\/\/pdt-rj.org.br\/index.php\/wp-json\/wp\/v2\/posts"}],"about":[{"href":"https:\/\/pdt-rj.org.br\/index.php\/wp-json\/wp\/v2\/types\/post"}],"author":[{"embeddable":true,"href":"https:\/\/pdt-rj.org.br\/index.php\/wp-json\/wp\/v2\/users\/17"}],"replies":[{"embeddable":true,"href":"https:\/\/pdt-rj.org.br\/index.php\/wp-json\/wp\/v2\/comments?post=68747"}],"version-history":[{"count":1,"href":"https:\/\/pdt-rj.org.br\/index.php\/wp-json\/wp\/v2\/posts\/68747\/revisions"}],"predecessor-version":[{"id":68749,"href":"https:\/\/pdt-rj.org.br\/index.php\/wp-json\/wp\/v2\/posts\/68747\/revisions\/68749"}],"wp:featuredmedia":[{"embeddable":true,"href":"https:\/\/pdt-rj.org.br\/index.php\/wp-json\/wp\/v2\/media\/68748"}],"wp:attachment":[{"href":"https:\/\/pdt-rj.org.br\/index.php\/wp-json\/wp\/v2\/media?parent=68747"}],"wp:term":[{"taxonomy":"category","embeddable":true,"href":"https:\/\/pdt-rj.org.br\/index.php\/wp-json\/wp\/v2\/categories?post=68747"},{"taxonomy":"post_tag","embeddable":true,"href":"https:\/\/pdt-rj.org.br\/index.php\/wp-json\/wp\/v2\/tags?post=68747"}],"curies":[{"name":"wp","href":"https:\/\/api.w.org\/{rel}","templated":true}]}}