{"id":68737,"date":"2019-11-19T15:12:14","date_gmt":"2019-11-19T18:12:14","guid":{"rendered":"http:\/\/pdt-rj.org.br\/?p=68737"},"modified":"2019-11-28T14:45:31","modified_gmt":"2019-11-28T17:45:31","slug":"pdt-se-reune-com-liderancas-progressistas-buscando-uniao","status":"publish","type":"post","link":"https:\/\/pdt-rj.org.br\/index.php\/pdt-se-reune-com-liderancas-progressistas-buscando-uniao\/","title":{"rendered":"PDT se re\u00fane com lideran\u00e7as progressistas buscando uni\u00e3o"},"content":{"rendered":"<p>De olho no atual momento pol\u00edtico e buscando alternativas de centro esquerda vi\u00e1veis para os pr\u00f3ximos anos, o presidente nacional do PDT, Carlos Lupi, se reuniu em Bras\u00edlia nesta ter\u00e7a (19) com o presidente Nacional do PSB, Carlos Siqueira. O encontro aconteceu na sede do PSB, e serviu para avaliar o momento pol\u00edtico e aproximar as duas legendas j\u00e1 para os pr\u00f3ximos pleitos.<\/p>\n<p>\u201cEstamos vivendo um momento muito perigoso na pol\u00edtica nacional. O \u00f3dio, a irracionalidade e uma falsa polariza\u00e7\u00e3o tomaram conta do debate, e enquanto partido progressista, o PDT quer construir um caminho de centro esquerda para colocar o pa\u00eds novamente nos trilhos do desenvolvimento\u201d, afirmou Lupi.<\/p>\n<p>De acordo com Lupi, as conversas com os partidos progressistas j\u00e1 discutem alian\u00e7as para as elei\u00e7\u00f5es municipais de 2020, mas o foco principal \u00e9 uma grande uni\u00e3o progressista em torno das elei\u00e7\u00f5es de 2022.<\/p>\n<p>\u201cN\u00e3o podemos deixar que essa direita radical tome conta do debate pol\u00edtico. O Brasil \u00e9 muito maior do que esses discursos de \u00f3dio vindo inclusive do presidente. Temos que retomar nossas origens, progressistas, e voltar a cuidar dos brasileiros que mais precisam de aten\u00e7\u00e3o, os trabalhadores, os aposentados, e por ai vai\u201d, adiantou Lupi.<\/p>\n<!-- AddThis Advanced Settings generic via filter on the_content --><!-- AddThis Share Buttons generic via filter on the_content -->","protected":false},"excerpt":{"rendered":"<p>De olho no atual momento pol\u00edtico e buscando alternativas de centro esquerda vi\u00e1veis para os pr\u00f3ximos anos, o presidente nacional do PDT, Carlos Lupi, se reuniu em Bras\u00edlia nesta ter\u00e7a (19) com o presidente Nacional do PSB, Carlos Siqueira. O encontro aconteceu na sede do PSB, e serviu para avaliar o momento pol\u00edtico e aproximar&#8230;<!-- AddThis Advanced Settings generic via filter on wp_trim_excerpt --><!-- AddThis Share Buttons generic via filter on wp_trim_excerpt --><\/p>\n","protected":false},"author":17,"featured_media":68738,"comment_status":"closed","ping_status":"closed","sticky":false,"template":"","format":"standard","meta":{"_monsterinsights_skip_tracking":false,"_monsterinsights_sitenote_active":false,"_monsterinsights_sitenote_note":"","_monsterinsights_sitenote_category":0,"_uf_show_specific_survey":0,"_uf_disable_surveys":false,"footnotes":""},"categories":[1390],"tags":[],"class_list":["post-68737","post","type-post","status-publish","format-standard","has-post-thumbnail","hentry","category-editorias"],"acf":[],"_links":{"self":[{"href":"https:\/\/pdt-rj.org.br\/index.php\/wp-json\/wp\/v2\/posts\/68737","targetHints":{"allow":["GET"]}}],"collection":[{"href":"https:\/\/pdt-rj.org.br\/index.php\/wp-json\/wp\/v2\/posts"}],"about":[{"href":"https:\/\/pdt-rj.org.br\/index.php\/wp-json\/wp\/v2\/types\/post"}],"author":[{"embeddable":true,"href":"https:\/\/pdt-rj.org.br\/index.php\/wp-json\/wp\/v2\/users\/17"}],"replies":[{"embeddable":true,"href":"https:\/\/pdt-rj.org.br\/index.php\/wp-json\/wp\/v2\/comments?post=68737"}],"version-history":[{"count":4,"href":"https:\/\/pdt-rj.org.br\/index.php\/wp-json\/wp\/v2\/posts\/68737\/revisions"}],"predecessor-version":[{"id":68864,"href":"https:\/\/pdt-rj.org.br\/index.php\/wp-json\/wp\/v2\/posts\/68737\/revisions\/68864"}],"wp:featuredmedia":[{"embeddable":true,"href":"https:\/\/pdt-rj.org.br\/index.php\/wp-json\/wp\/v2\/media\/68738"}],"wp:attachment":[{"href":"https:\/\/pdt-rj.org.br\/index.php\/wp-json\/wp\/v2\/media?parent=68737"}],"wp:term":[{"taxonomy":"category","embeddable":true,"href":"https:\/\/pdt-rj.org.br\/index.php\/wp-json\/wp\/v2\/categories?post=68737"},{"taxonomy":"post_tag","embeddable":true,"href":"https:\/\/pdt-rj.org.br\/index.php\/wp-json\/wp\/v2\/tags?post=68737"}],"curies":[{"name":"wp","href":"https:\/\/api.w.org\/{rel}","templated":true}]}}