{"id":68716,"date":"2019-11-18T17:24:22","date_gmt":"2019-11-18T20:24:22","guid":{"rendered":"http:\/\/pdt-rj.org.br\/?p=68716"},"modified":"2019-11-18T17:24:22","modified_gmt":"2019-11-18T20:24:22","slug":"acao-da-mulher-trabalhista-realiza-viii-convencao-nacional-no-rio-de-janeiro","status":"publish","type":"post","link":"https:\/\/pdt-rj.org.br\/index.php\/acao-da-mulher-trabalhista-realiza-viii-convencao-nacional-no-rio-de-janeiro\/","title":{"rendered":"A\u00e7\u00e3o da Mulher Trabalhista realiza VIII Conven\u00e7\u00e3o Nacional, no Rio de Janeiro"},"content":{"rendered":"<p>A A\u00e7\u00e3o da Mulher Trabalhista (AMT) realizar\u00e1, nos dias 22,23 e 24 de novembro, a VIII Conven\u00e7\u00e3o Nacional do movimento, na Sede da Funda\u00e7\u00e3o Leonel Brizola &#8211; Alberto Pasqualini (FLB-AP-RJ), no Rio de Janeiro. Na ocasi\u00e3o, ser\u00e1 feita a elei\u00e7\u00e3o dos membros da dire\u00e7\u00e3o nacional do movimento.<\/p>\n<p>Leia <a href=\"http:\/\/pdt-rj.org.br\/wp-content\/uploads\/2019\/11\/EDITAL-2019-ASSINADO-AMT-2019.pdf\">aqui<\/a> o edital.<\/p>\n<p>&nbsp;<\/p>\n<p>&nbsp;<\/p>\n<p>&nbsp;<\/p>\n<!-- AddThis Advanced Settings generic via filter on the_content --><!-- AddThis Share Buttons generic via filter on the_content -->","protected":false},"excerpt":{"rendered":"<p>A A\u00e7\u00e3o da Mulher Trabalhista (AMT) realizar\u00e1, nos dias 22,23 e 24 de novembro, a VIII Conven\u00e7\u00e3o Nacional do movimento, na Sede da Funda\u00e7\u00e3o Leonel Brizola &#8211; Alberto Pasqualini (FLB-AP-RJ), no Rio de Janeiro. Na ocasi\u00e3o, ser\u00e1 feita a elei\u00e7\u00e3o dos membros da dire\u00e7\u00e3o nacional do movimento. Leia aqui o edital. &nbsp; &nbsp; &nbsp;<!-- AddThis Advanced Settings generic via filter on wp_trim_excerpt --><!-- AddThis Share Buttons generic via filter on wp_trim_excerpt --><\/p>\n","protected":false},"author":17,"featured_media":68724,"comment_status":"closed","ping_status":"closed","sticky":false,"template":"","format":"standard","meta":{"_monsterinsights_skip_tracking":false,"_monsterinsights_sitenote_active":false,"_monsterinsights_sitenote_note":"","_monsterinsights_sitenote_category":0,"_uf_show_specific_survey":0,"_uf_disable_surveys":false,"footnotes":""},"categories":[1585,1390,1397],"tags":[],"class_list":["post-68716","post","type-post","status-publish","format-standard","has-post-thumbnail","hentry","category-amt","category-editorias","category-movimentos"],"acf":[],"_links":{"self":[{"href":"https:\/\/pdt-rj.org.br\/index.php\/wp-json\/wp\/v2\/posts\/68716","targetHints":{"allow":["GET"]}}],"collection":[{"href":"https:\/\/pdt-rj.org.br\/index.php\/wp-json\/wp\/v2\/posts"}],"about":[{"href":"https:\/\/pdt-rj.org.br\/index.php\/wp-json\/wp\/v2\/types\/post"}],"author":[{"embeddable":true,"href":"https:\/\/pdt-rj.org.br\/index.php\/wp-json\/wp\/v2\/users\/17"}],"replies":[{"embeddable":true,"href":"https:\/\/pdt-rj.org.br\/index.php\/wp-json\/wp\/v2\/comments?post=68716"}],"version-history":[{"count":5,"href":"https:\/\/pdt-rj.org.br\/index.php\/wp-json\/wp\/v2\/posts\/68716\/revisions"}],"predecessor-version":[{"id":68727,"href":"https:\/\/pdt-rj.org.br\/index.php\/wp-json\/wp\/v2\/posts\/68716\/revisions\/68727"}],"wp:featuredmedia":[{"embeddable":true,"href":"https:\/\/pdt-rj.org.br\/index.php\/wp-json\/wp\/v2\/media\/68724"}],"wp:attachment":[{"href":"https:\/\/pdt-rj.org.br\/index.php\/wp-json\/wp\/v2\/media?parent=68716"}],"wp:term":[{"taxonomy":"category","embeddable":true,"href":"https:\/\/pdt-rj.org.br\/index.php\/wp-json\/wp\/v2\/categories?post=68716"},{"taxonomy":"post_tag","embeddable":true,"href":"https:\/\/pdt-rj.org.br\/index.php\/wp-json\/wp\/v2\/tags?post=68716"}],"curies":[{"name":"wp","href":"https:\/\/api.w.org\/{rel}","templated":true}]}}