{"id":68057,"date":"2019-09-23T18:35:40","date_gmt":"2019-09-23T21:35:40","guid":{"rendered":"http:\/\/pdt-rj.org.br\/?p=68057"},"modified":"2019-10-02T18:07:22","modified_gmt":"2019-10-02T21:07:22","slug":"pdt-e-demais-partidos-de-oposicao-entram-com-noticia-crime-contra-witzel","status":"publish","type":"post","link":"https:\/\/pdt-rj.org.br\/index.php\/pdt-e-demais-partidos-de-oposicao-entram-com-noticia-crime-contra-witzel\/","title":{"rendered":"PDT e demais partidos de oposi\u00e7\u00e3o entram com not\u00edcia crime contra Witzel"},"content":{"rendered":"<p>A letalidade observada nas opera\u00e7\u00f5es militares comandadas pelo atual governador do estado do Rio de Janeiro, Wilson Witzel, tem despertado preocupa\u00e7\u00e3o e revolta da sociedade civil em n\u00edvel nacional e internacional.<\/p>\n<p>A trucul\u00eancia em opera\u00e7\u00f5es policiais era uma das pautas defendidas por Witzel quando ainda aspirava como candidato nas \u00faltimas elei\u00e7\u00f5es estaduais, adotada desde janeiro como pol\u00edtica de governo.<\/p>\n<p>A morte da pequena Aghata Vit\u00f3ria Salles Felix, de 8 anos de idade, com um tiro de fuzil nas costas, no complexo do Alem\u00e3o, na \u00faltima sexta-feira (21) somente refor\u00e7ou nossa certeza de que \u00e9 preciso parar essa pol\u00edtica de exterm\u00ednio da popula\u00e7\u00e3o pobre e das periferias do estado do Rio de Janeiro. \u00c1ghata foi a quinta crian\u00e7a morta em a\u00e7\u00f5es policiais neste ano.<\/p>\n<p>Nesse sentido, os partidos de oposi\u00e7\u00e3o, no compromisso com a democracia, com uma pol\u00edtica de seguran\u00e7a p\u00fablica respons\u00e1vel, com a defesa dos direitos da popula\u00e7\u00e3o vulner\u00e1vel e com a vida das crian\u00e7as, apresentam uma NOT\u00cdCIA CRIME AO SUPERIOR TRIBUNAL JUSTI\u00c7A contra o governador do Estado do Rio de Janeiro Wilson Witzel, para que responda pelos crimes que vem sendo praticados pela pol\u00edcia militar do estado que governa, que ocorrem sob seu aval, est\u00edmulo e fomento.<\/p>\n<p>A a\u00e7\u00e3o ser\u00e1 protocolada nesta segunda-feira. Esperam os partidos que haja uma resposta do Poder Judici\u00e1rio para fazer cessar essa guerra aberta, cuja v\u00edtima \u00e9 a sociedade.<\/p>\n<p>&nbsp;<\/p>\n<p style=\"text-align: center;\">CARLOS LUPI \u2013 Presidente do PDT<br \/>\nCARLOS SIQUEIRA \u2013 Presidente do PSB<br \/>\nGLEISI HOFFMANN \u2013 Presidenta do PT<br \/>\nJULIANO MEDEIROS \u2013 Presidente do Psol<br \/>\nLUCIANA SANTOS \u2013 Presidenta do PCdoB<\/p>\n<p>&nbsp;<\/p>\n<p>Leia <a href=\"http:\/\/pdt-rj.org.br\/wp-content\/uploads\/2019\/09\/Notitia-Criminis-Wilson-Jose\u0301-Witzel-STJ.pdf\">aqui<\/a> a \u00edntegra da Not\u00edcia Crime contra o governador\u00a0 do Rio de Janeiro, Wilson Witzel.<\/p>\n<!-- AddThis Advanced Settings generic via filter on the_content --><!-- AddThis Share Buttons generic via filter on the_content -->","protected":false},"excerpt":{"rendered":"<p>A letalidade observada nas opera\u00e7\u00f5es militares comandadas pelo atual governador do estado do Rio de Janeiro, Wilson Witzel, tem despertado preocupa\u00e7\u00e3o e revolta da sociedade civil em n\u00edvel nacional e internacional. A trucul\u00eancia em opera\u00e7\u00f5es policiais era uma das pautas defendidas por Witzel quando ainda aspirava como candidato nas \u00faltimas elei\u00e7\u00f5es estaduais, adotada desde janeiro&#8230;<!-- AddThis Advanced Settings generic via filter on wp_trim_excerpt --><!-- AddThis Share Buttons generic via filter on wp_trim_excerpt --><\/p>\n","protected":false},"author":17,"featured_media":68061,"comment_status":"closed","ping_status":"closed","sticky":false,"template":"","format":"standard","meta":{"_monsterinsights_skip_tracking":false,"_monsterinsights_sitenote_active":false,"_monsterinsights_sitenote_note":"","_monsterinsights_sitenote_category":0,"_uf_show_specific_survey":0,"_uf_disable_surveys":false,"footnotes":""},"categories":[1390],"tags":[],"class_list":["post-68057","post","type-post","status-publish","format-standard","has-post-thumbnail","hentry","category-editorias"],"acf":[],"_links":{"self":[{"href":"https:\/\/pdt-rj.org.br\/index.php\/wp-json\/wp\/v2\/posts\/68057","targetHints":{"allow":["GET"]}}],"collection":[{"href":"https:\/\/pdt-rj.org.br\/index.php\/wp-json\/wp\/v2\/posts"}],"about":[{"href":"https:\/\/pdt-rj.org.br\/index.php\/wp-json\/wp\/v2\/types\/post"}],"author":[{"embeddable":true,"href":"https:\/\/pdt-rj.org.br\/index.php\/wp-json\/wp\/v2\/users\/17"}],"replies":[{"embeddable":true,"href":"https:\/\/pdt-rj.org.br\/index.php\/wp-json\/wp\/v2\/comments?post=68057"}],"version-history":[{"count":6,"href":"https:\/\/pdt-rj.org.br\/index.php\/wp-json\/wp\/v2\/posts\/68057\/revisions"}],"predecessor-version":[{"id":68178,"href":"https:\/\/pdt-rj.org.br\/index.php\/wp-json\/wp\/v2\/posts\/68057\/revisions\/68178"}],"wp:featuredmedia":[{"embeddable":true,"href":"https:\/\/pdt-rj.org.br\/index.php\/wp-json\/wp\/v2\/media\/68061"}],"wp:attachment":[{"href":"https:\/\/pdt-rj.org.br\/index.php\/wp-json\/wp\/v2\/media?parent=68057"}],"wp:term":[{"taxonomy":"category","embeddable":true,"href":"https:\/\/pdt-rj.org.br\/index.php\/wp-json\/wp\/v2\/categories?post=68057"},{"taxonomy":"post_tag","embeddable":true,"href":"https:\/\/pdt-rj.org.br\/index.php\/wp-json\/wp\/v2\/tags?post=68057"}],"curies":[{"name":"wp","href":"https:\/\/api.w.org\/{rel}","templated":true}]}}