{"id":68053,"date":"2019-09-23T14:06:52","date_gmt":"2019-09-23T17:06:52","guid":{"rendered":"http:\/\/pdt-rj.org.br\/?p=68053"},"modified":"2019-09-23T14:06:52","modified_gmt":"2019-09-23T17:06:52","slug":"viva-os-118-anos-de-alberto-pasqualini","status":"publish","type":"post","link":"https:\/\/pdt-rj.org.br\/index.php\/viva-os-118-anos-de-alberto-pasqualini\/","title":{"rendered":"Viva os 118 anos de Alberto Pasqualini"},"content":{"rendered":"<p>Os membros do Movimento dos Aposentados, Pensionistas e Idosos do PDT (Mapi) prestam uma homenagem em comemora\u00e7\u00e3o natal\u00edcia de Alberto Pasqualini, nascido em 23 de setembro de 1901, em Ivor\u00e1, distrito do munic\u00edpio de J\u00falio de Castilhos, no Rio Grande do Sul.<\/p>\n<p>Pasqualini foi um not\u00e1vel Senador do PTB, de 1946 a 1955, sempre enfrentando os pol\u00edticos liberais conservadores. Considerado o ide\u00f3logo do Trabalhismo na sua eterna luta pela Democracia e das reformas sociais ao lado dos l\u00edderes nacionalistas como Get\u00falio Vargas, Jo\u00e3o Goulart, Leonel Brizola, Fernando Ferrari e tantos outros.<\/p>\n<p>Seguiu uma carreira brilhante como professor, jornalista, advogado, economista e um pol\u00edtico reconhecido pela sua dedica\u00e7\u00e3o nas diretrizes program\u00e1ticas do PTB, desde 1946. Pasqualini escreveu in\u00fameros artigos em jornais, revista e livros durante os anos de 1940\/50.<\/p>\n<p>No exerc\u00edcio da sua brilhante carreira de Senador, Alberto Pasqualini foi decisivo na cria\u00e7\u00e3o da Petrobr\u00e1s, no antigo Pal\u00e1cio Monroe, no Rio de Janeiro. O pol\u00edtico delineou o projeto da Reforma de Base, o mais importante programa social e economicamente reformista do saudoso Presidente Jo\u00e3o Goulart.<\/p>\n<p>Pasqualini foi um admirador do positivismo de Auguste Comte que trabalhou como secret\u00e1rio de Henri de Saint-Simon, o famoso e mais importante pensador e criador do Socialismo na Europa, precursor de Karl Marx. N\u00e3o podemos deixar de ressaltar a import\u00e2ncia dos positivistas civis e militares na Aboli\u00e7\u00e3o dos Escravos, na Proclama\u00e7\u00e3o da Rep\u00fablica e na Revolu\u00e7\u00e3o de 1930.<\/p>\n<p>Alberto Pasqualini ser\u00e1 eternamente lembrado e aclamado como o te\u00f3rico e doutrinador do trabalhismo no Brasil.<\/p>\n<!-- AddThis Advanced Settings generic via filter on the_content --><!-- AddThis Share Buttons generic via filter on the_content -->","protected":false},"excerpt":{"rendered":"<p>Os membros do Movimento dos Aposentados, Pensionistas e Idosos do PDT (Mapi) prestam uma homenagem em comemora\u00e7\u00e3o natal\u00edcia de Alberto Pasqualini, nascido em 23 de setembro de 1901, em Ivor\u00e1, distrito do munic\u00edpio de J\u00falio de Castilhos, no Rio Grande do Sul. Pasqualini foi um not\u00e1vel Senador do PTB, de 1946 a 1955, sempre enfrentando&#8230;<!-- AddThis Advanced Settings generic via filter on wp_trim_excerpt --><!-- AddThis Share Buttons generic via filter on wp_trim_excerpt --><\/p>\n","protected":false},"author":17,"featured_media":68055,"comment_status":"closed","ping_status":"closed","sticky":false,"template":"","format":"standard","meta":{"_monsterinsights_skip_tracking":false,"_monsterinsights_sitenote_active":false,"_monsterinsights_sitenote_note":"","_monsterinsights_sitenote_category":0,"_uf_show_specific_survey":0,"_uf_disable_surveys":false,"footnotes":""},"categories":[1390,1588,1401],"tags":[],"class_list":["post-68053","post","type-post","status-publish","format-standard","has-post-thumbnail","hentry","category-editorias","category-mapi","category-nacional"],"acf":[],"_links":{"self":[{"href":"https:\/\/pdt-rj.org.br\/index.php\/wp-json\/wp\/v2\/posts\/68053","targetHints":{"allow":["GET"]}}],"collection":[{"href":"https:\/\/pdt-rj.org.br\/index.php\/wp-json\/wp\/v2\/posts"}],"about":[{"href":"https:\/\/pdt-rj.org.br\/index.php\/wp-json\/wp\/v2\/types\/post"}],"author":[{"embeddable":true,"href":"https:\/\/pdt-rj.org.br\/index.php\/wp-json\/wp\/v2\/users\/17"}],"replies":[{"embeddable":true,"href":"https:\/\/pdt-rj.org.br\/index.php\/wp-json\/wp\/v2\/comments?post=68053"}],"version-history":[{"count":1,"href":"https:\/\/pdt-rj.org.br\/index.php\/wp-json\/wp\/v2\/posts\/68053\/revisions"}],"predecessor-version":[{"id":68056,"href":"https:\/\/pdt-rj.org.br\/index.php\/wp-json\/wp\/v2\/posts\/68053\/revisions\/68056"}],"wp:featuredmedia":[{"embeddable":true,"href":"https:\/\/pdt-rj.org.br\/index.php\/wp-json\/wp\/v2\/media\/68055"}],"wp:attachment":[{"href":"https:\/\/pdt-rj.org.br\/index.php\/wp-json\/wp\/v2\/media?parent=68053"}],"wp:term":[{"taxonomy":"category","embeddable":true,"href":"https:\/\/pdt-rj.org.br\/index.php\/wp-json\/wp\/v2\/categories?post=68053"},{"taxonomy":"post_tag","embeddable":true,"href":"https:\/\/pdt-rj.org.br\/index.php\/wp-json\/wp\/v2\/tags?post=68053"}],"curies":[{"name":"wp","href":"https:\/\/api.w.org\/{rel}","templated":true}]}}