{"id":67680,"date":"2019-08-27T12:43:44","date_gmt":"2019-08-27T15:43:44","guid":{"rendered":"http:\/\/pdt-rj.org.br\/?p=67680"},"modified":"2019-08-30T15:12:41","modified_gmt":"2019-08-30T18:12:41","slug":"cartilha-de-abdias-nascimento-e-lancada-na-xlll-bienal-do-livro-em-fortaleza","status":"publish","type":"post","link":"https:\/\/pdt-rj.org.br\/index.php\/cartilha-de-abdias-nascimento-e-lancada-na-xlll-bienal-do-livro-em-fortaleza\/","title":{"rendered":"Cartilha de Abdias Nascimento \u00e9 lan\u00e7ada na Xlll Bienal do Livro, em Fortaleza"},"content":{"rendered":"<p>O lan\u00e7amento da cartilha sobre a vida e a obra de Abdias Nascimento, publicada pelo Centro de Mem\u00f3ria Trabalhista da Funda\u00e7\u00e3o Leonel Brizola \u2013 Alberto Pasqualini (FLB-AP) foi um dos pontos altos do Estande da Oralidade e Ancestralidade Negra, no \u00faltimo final de semana da XIII Feira Internacional do Livro realizada no Centro de Conven\u00e7\u00f5es do Cear\u00e1, em Fortaleza.<\/p>\n<p>O evento atraiu dezenas de pessoas que cantaram e dan\u00e7aram m\u00fasicas de origem afro, puxadas pelos ritmistas da mais antiga escola de samba da cidade \u2013 a Ideal \u2013 e pela cantora Adriana de Maria, tamb\u00e9m atriz e l\u00edder das baianas de acaraj\u00e9 que trabalham em Fortaleza.<\/p>\n<p>Ivaldo Paix\u00e3o, presidente do Movimento Negro do PDT \u2013 organizador do lan\u00e7amento da cartilha e principal orador da solenidade \u2013 exaltou a biografia do professor Abdias, uma das maiores lideran\u00e7as negras do Brasil, importante pelo seu pioneirismo na valoriza\u00e7\u00e3o da cultura dos afrodescendentes no Brasil.<\/p>\n<p>Paix\u00e3o tamb\u00e9m saudou a mem\u00f3ria do presidente Get\u00falio Vargas que, no dia 24 de agosto de 1954, h\u00e1 65 anos, no mesmo dia do lan\u00e7amento da cartilha de Abdias &#8211; deu um tiro no cora\u00e7\u00e3o para salvar seu legado pol\u00edtico e enfrentar o golpe de estado que estava sendo v\u00edtima.<\/p>\n<p>Na ocasi\u00e3o, Ivaldo Paix\u00e3o fez a leitura da extensa biografia de Abdias para os presentes (leitura dramatizada feita pela cantora e atriz Adriana de Maria) e, logo ap\u00f3s, fez r\u00e1pido discurso exaltando a mem\u00f3ria e o trabalho de Abdias em prol da cultura negra, ressaltando que Abdias chegou a ter o seu nome cogitado para Pr\u00eamio Nobel da Paz, al\u00e9m de ter sido o primeiro senador negro do Brasil.<\/p>\n<p>\u201cVoc\u00eas viram, atrav\u00e9s da leitura do curr\u00edculo dele, que foi um homem de extrema relev\u00e2ncia para pessoas que se identificam com a luta por um mundo melhor, onde exista mais equidade e mais igualdade\u201d.<\/p>\n<p>Paix\u00e3o tamb\u00e9m agradeceu o \u201cPr\u00eamio Torta Passarinho\u201d que recebeu do Movimento Negro Unificado (MNU) e pela presen\u00e7a do ex-vereador Emerval, da cidade de Itaparica, na Bahia, primeiro militante do movimento negro a tamb\u00e9m cuidar do recorte LGBT; e da presidente do MNU, Yeda.<\/p>\n<p>A obra de Abdias integram textos como o de Elisa Larkin; de Suely Carneiro e de Negrogum. Tamb\u00e9m inclui texto de autoria de Ivaldo Paix\u00e3o, narrando o dia em que conheceu, ao mesmo tempo, no Rio de Janeiro, Abdias do Nascimento e Leonel Brizola.<\/p>\n<p>A biografia de Abdias \u00e9 a quarta publica\u00e7\u00e3o de um trabalho iniciado pela FLB\u2013AP com a publica\u00e7\u00e3o de cartilhas sobre personalidades como Luis Carlos Prestes, Neiva Moreira, Doutel de Andrade e, agora, Abdias do Nascimento.<\/p>\n<!-- AddThis Advanced Settings generic via filter on the_content --><!-- AddThis Share Buttons generic via filter on the_content -->","protected":false},"excerpt":{"rendered":"<p>O lan\u00e7amento da cartilha sobre a vida e a obra de Abdias Nascimento, publicada pelo Centro de Mem\u00f3ria Trabalhista da Funda\u00e7\u00e3o Leonel Brizola \u2013 Alberto Pasqualini (FLB-AP) foi um dos pontos altos do Estande da Oralidade e Ancestralidade Negra, no \u00faltimo final de semana da XIII Feira Internacional do Livro realizada no Centro de Conven\u00e7\u00f5es&#8230;<!-- AddThis Advanced Settings generic via filter on wp_trim_excerpt --><!-- AddThis Share Buttons generic via filter on wp_trim_excerpt --><\/p>\n","protected":false},"author":17,"featured_media":67693,"comment_status":"closed","ping_status":"closed","sticky":false,"template":"","format":"standard","meta":{"_monsterinsights_skip_tracking":false,"_monsterinsights_sitenote_active":false,"_monsterinsights_sitenote_note":"","_monsterinsights_sitenote_category":0,"_uf_show_specific_survey":0,"_uf_disable_surveys":false,"footnotes":""},"categories":[1390,1397],"tags":[],"class_list":["post-67680","post","type-post","status-publish","format-standard","has-post-thumbnail","hentry","category-editorias","category-movimentos"],"acf":[],"_links":{"self":[{"href":"https:\/\/pdt-rj.org.br\/index.php\/wp-json\/wp\/v2\/posts\/67680","targetHints":{"allow":["GET"]}}],"collection":[{"href":"https:\/\/pdt-rj.org.br\/index.php\/wp-json\/wp\/v2\/posts"}],"about":[{"href":"https:\/\/pdt-rj.org.br\/index.php\/wp-json\/wp\/v2\/types\/post"}],"author":[{"embeddable":true,"href":"https:\/\/pdt-rj.org.br\/index.php\/wp-json\/wp\/v2\/users\/17"}],"replies":[{"embeddable":true,"href":"https:\/\/pdt-rj.org.br\/index.php\/wp-json\/wp\/v2\/comments?post=67680"}],"version-history":[{"count":2,"href":"https:\/\/pdt-rj.org.br\/index.php\/wp-json\/wp\/v2\/posts\/67680\/revisions"}],"predecessor-version":[{"id":67694,"href":"https:\/\/pdt-rj.org.br\/index.php\/wp-json\/wp\/v2\/posts\/67680\/revisions\/67694"}],"wp:featuredmedia":[{"embeddable":true,"href":"https:\/\/pdt-rj.org.br\/index.php\/wp-json\/wp\/v2\/media\/67693"}],"wp:attachment":[{"href":"https:\/\/pdt-rj.org.br\/index.php\/wp-json\/wp\/v2\/media?parent=67680"}],"wp:term":[{"taxonomy":"category","embeddable":true,"href":"https:\/\/pdt-rj.org.br\/index.php\/wp-json\/wp\/v2\/categories?post=67680"},{"taxonomy":"post_tag","embeddable":true,"href":"https:\/\/pdt-rj.org.br\/index.php\/wp-json\/wp\/v2\/tags?post=67680"}],"curies":[{"name":"wp","href":"https:\/\/api.w.org\/{rel}","templated":true}]}}