{"id":67655,"date":"2019-08-27T18:19:07","date_gmt":"2019-08-27T21:19:07","guid":{"rendered":"http:\/\/pdt-rj.org.br\/?p=67655"},"modified":"2019-09-06T16:52:04","modified_gmt":"2019-09-06T19:52:04","slug":"na-oab-ciro-gomes-diz-que-ninguem-sabe-dizer-que-rumo-o-pais-esta-seguindo","status":"publish","type":"post","link":"https:\/\/pdt-rj.org.br\/index.php\/na-oab-ciro-gomes-diz-que-ninguem-sabe-dizer-que-rumo-o-pais-esta-seguindo\/","title":{"rendered":"Na OAB, Ciro Gomes diz que ningu\u00e9m sabe dizer o rumo que o Pa\u00eds est\u00e1 seguindo"},"content":{"rendered":"<p>O vice-presidente nacional do PDT, Ciro Gomes, participou, nesta ter\u00e7a-feira (27), no Conselho Federal da Ordem dos Advogados do Brasil (OAB), em Bras\u00edlia, da Audi\u00eancia P\u00fablica para Debater as Privatiza\u00e7\u00f5es de Empresas Estatais e suas Subsidi\u00e1rias. O encontro foi organizado ap\u00f3s um an\u00fancio recente do ministro da Economia, Paulo Guedes, sobre seu desejo de privatiza\u00e7\u00e3o de 17 estatais.<\/p>\n<p>A audi\u00eancia teve a media\u00e7\u00e3o do presidente da Comiss\u00e3o Especial de Advocacia em Estatais, Carlos Castro, com a participa\u00e7\u00e3o da ex-senadora ga\u00facha Ana Am\u00e9lia e do professor titular do Instituto de Economia da Unicamp, Fernando Nogueira da Costa.<\/p>\n<p>Ciro Gomes defendeu que a falta de um projeto nacional representa um obst\u00e1culo \u00e0 clareza de um debate sobre privatiza\u00e7\u00f5es e afirma que o Brasil est\u00e1 completando agora a pior d\u00e9cada em mat\u00e9ria de desenvolvimento econ\u00f4mico dos \u00faltimos 120 anos.<\/p>\n<p>\u201cTento colocar, nesse ambiente de paix\u00f5es e \u00f3dios que interditam a intelig\u00eancia brasileira, que privatiza\u00e7\u00e3o n\u00e3o deve ser uma coisa religiosamente vista, porque n\u00e3o \u00e9 boa e nem m\u00e1 por si. Nenhum brasileiro \u00e9 capaz de saber para onde est\u00e1 indo nosso pa\u00eds em mat\u00e9ria de ind\u00fastria, ci\u00eancia e tecnologia, inova\u00e7\u00e3o, educa\u00e7\u00e3o, sa\u00fade e seguran\u00e7a p\u00fablica. Ou seja, falta ao Brasil um projeto nacional e sem esse projeto nacional, desfazer-se do patrim\u00f4nio apenas por prostra\u00e7\u00e3o ideol\u00f3gica pode ser um mal irrepar\u00e1vel para a sorte do pa\u00eds\u201d, afirmou.<\/p>\n<p>Carlos Castro destacou o car\u00e1ter apartid\u00e1rio do debate e a import\u00e2ncia de estudos sobre o impacto da venda dessas estatais para o Brasil.<\/p>\n<p>\u201cAs privatiza\u00e7\u00f5es despertam uma preocupa\u00e7\u00e3o. N\u00e3o foi apresentado nenhum estudo t\u00e9cnico do impacto, n\u00e3o houve um debate com a sociedade, t\u00e3o pouco com as entidades de classe que representam as institui\u00e7\u00f5es que est\u00e3o sendo postas \u00e0 venda sem nenhum crit\u00e9rio. No momento em que promove uma audi\u00eancia p\u00fablica, a OAB n\u00e3o tem nada a ver com nenhum partido ou discuss\u00e3o partid\u00e1ria. O que queremos \u00e9 transpar\u00eancia e isso \u00e9 uma marca da nossa institui\u00e7\u00e3o que h\u00e1 quase um s\u00e9culo vem defendendo a sociedade, os direitos humanos e as causas sociais\u201d, disse o presidente da comiss\u00e3o.<\/p>\n<!-- AddThis Advanced Settings generic via filter on the_content --><!-- AddThis Share Buttons generic via filter on the_content -->","protected":false},"excerpt":{"rendered":"<p>O vice-presidente nacional do PDT, Ciro Gomes, participou, nesta ter\u00e7a-feira (27), no Conselho Federal da Ordem dos Advogados do Brasil (OAB), em Bras\u00edlia, da Audi\u00eancia P\u00fablica para Debater as Privatiza\u00e7\u00f5es de Empresas Estatais e suas Subsidi\u00e1rias. O encontro foi organizado ap\u00f3s um an\u00fancio recente do ministro da Economia, Paulo Guedes, sobre seu desejo de privatiza\u00e7\u00e3o&#8230;<!-- AddThis Advanced Settings generic via filter on wp_trim_excerpt --><!-- AddThis Share Buttons generic via filter on wp_trim_excerpt --><\/p>\n","protected":false},"author":17,"featured_media":67660,"comment_status":"closed","ping_status":"closed","sticky":false,"template":"","format":"standard","meta":{"_monsterinsights_skip_tracking":false,"_monsterinsights_sitenote_active":false,"_monsterinsights_sitenote_note":"","_monsterinsights_sitenote_category":0,"_uf_show_specific_survey":0,"_uf_disable_surveys":false,"footnotes":""},"categories":[1390],"tags":[],"class_list":["post-67655","post","type-post","status-publish","format-standard","has-post-thumbnail","hentry","category-editorias"],"acf":[],"_links":{"self":[{"href":"https:\/\/pdt-rj.org.br\/index.php\/wp-json\/wp\/v2\/posts\/67655","targetHints":{"allow":["GET"]}}],"collection":[{"href":"https:\/\/pdt-rj.org.br\/index.php\/wp-json\/wp\/v2\/posts"}],"about":[{"href":"https:\/\/pdt-rj.org.br\/index.php\/wp-json\/wp\/v2\/types\/post"}],"author":[{"embeddable":true,"href":"https:\/\/pdt-rj.org.br\/index.php\/wp-json\/wp\/v2\/users\/17"}],"replies":[{"embeddable":true,"href":"https:\/\/pdt-rj.org.br\/index.php\/wp-json\/wp\/v2\/comments?post=67655"}],"version-history":[{"count":5,"href":"https:\/\/pdt-rj.org.br\/index.php\/wp-json\/wp\/v2\/posts\/67655\/revisions"}],"predecessor-version":[{"id":67788,"href":"https:\/\/pdt-rj.org.br\/index.php\/wp-json\/wp\/v2\/posts\/67655\/revisions\/67788"}],"wp:featuredmedia":[{"embeddable":true,"href":"https:\/\/pdt-rj.org.br\/index.php\/wp-json\/wp\/v2\/media\/67660"}],"wp:attachment":[{"href":"https:\/\/pdt-rj.org.br\/index.php\/wp-json\/wp\/v2\/media?parent=67655"}],"wp:term":[{"taxonomy":"category","embeddable":true,"href":"https:\/\/pdt-rj.org.br\/index.php\/wp-json\/wp\/v2\/categories?post=67655"},{"taxonomy":"post_tag","embeddable":true,"href":"https:\/\/pdt-rj.org.br\/index.php\/wp-json\/wp\/v2\/tags?post=67655"}],"curies":[{"name":"wp","href":"https:\/\/api.w.org\/{rel}","templated":true}]}}