{"id":67654,"date":"2019-08-27T17:55:26","date_gmt":"2019-08-27T20:55:26","guid":{"rendered":"http:\/\/pdt-rj.org.br\/?p=67654"},"modified":"2019-08-27T17:56:03","modified_gmt":"2019-08-27T20:56:03","slug":"em-seu-melhor-momento-juventude-socialista-disputa-uniao-dos-estudantes-do-rio-de-janeiro","status":"publish","type":"post","link":"https:\/\/pdt-rj.org.br\/index.php\/em-seu-melhor-momento-juventude-socialista-disputa-uniao-dos-estudantes-do-rio-de-janeiro\/","title":{"rendered":"Em seu melhor momento, Juventude Socialista disputa Uni\u00e3o dos Estudantes do Rio de Janeiro"},"content":{"rendered":"<p>Entre dia 23 e 25 de agosto, na Universidade Federal Rural do Rio de Janeiro (UFRRJ), ocorreu o 20\u00ba Congresso da Uni\u00e3o Estadual dos Estudantes do Rio de Janeiro (CONUEE-RJ) e a Juventude Socialista participou com a quarta maior for\u00e7a do Congresso e com chapa pr\u00f3pria \u201cO Futuro n\u00e3o Demora\u201d.<\/p>\n<p>O CONUEE \u00e9 um congresso que acontece a cada dois anos para eleger a nova diretoria da organiza\u00e7\u00e3o e organizar as lutas estudantis. Com 48 delegados o Movimento Reinventar representou mais de 16 universidades (p\u00fablicas e privada), elegendo seis diretores para entidade.<\/p>\n<p>Como disse Matheus Novaes (24), estudante de Direito da Universidade Federal do Rio de Janeiro (UNIRIO), foi uma vit\u00f3ria, do esfor\u00e7o e de muita luta.<\/p>\n<p>\u201cN\u00f3s do Reinventar estamos nas ruas colocando a cara e o peito com muita coragem em defesa da educa\u00e7\u00e3o e do Brasil e, agora, estamos aqui pra dizer que o projeto de cortes e financiamento privado dos Governos de Bolsonaro e Witzel n\u00e3o nos representa\u201d.<\/p>\n<p>J\u00e1 Luana Raylla, diretora do DCE da Universidade Federal Fluminense (UFF), congresso foi um \u201censino pol\u00edtico\u201d, mas para ela faltou muitos alunos se colocarem no lugar do outro.<\/p>\n<p>\u201cUm congresso como a UEE-RJ \u00e9 um lindo ambiente democr\u00e1tico, mas ainda precisa ser mais inclusivo porque infelizmente me passou a impress\u00e3o que foi feito para uma pessoa com defici\u00eancia n\u00e3o est\u00e1 ali. Uma autocr\u00edtica da executiva da UEE precisa ser feita, fora isso meus parab\u00e9ns ao congresso por ser uma \u00f3tima escola para forma\u00e7\u00e3o pol\u00edtica\u201d, aponta Luana.<\/p>\n<p>Para Vitor Straub, Vice-Presidente da UNE, a participa\u00e7\u00e3o dos trabalhistas CONUEE foi \u201cuma atua\u00e7\u00e3o \u00edmpar\u201d. Constru\u00edram uma terceira via, politizando ainda mais o debate sobre o estado do Rio e os desafios da conjuntura.<\/p>\n<p>\u201cFoi um dos maiores congressos de que se tem not\u00edcia. Totalmente hist\u00f3rico porque contou com a entrada de diversas organiza\u00e7\u00f5es pol\u00edticas, como o Movimento Reinventar. Isso garantiu ainda mais a pluralidade na constru\u00e7\u00e3o da UEE-RJ, como tamb\u00e9m consolidou a unidade do movimento estudantil estadual contra o projeto dos governos Bolsonaro e Witzel\u201d, aponta Straub.<\/p>\n<!-- AddThis Advanced Settings generic via filter on the_content --><!-- AddThis Share Buttons generic via filter on the_content -->","protected":false},"excerpt":{"rendered":"<p>Entre dia 23 e 25 de agosto, na Universidade Federal Rural do Rio de Janeiro (UFRRJ), ocorreu o 20\u00ba Congresso da Uni\u00e3o Estadual dos Estudantes do Rio de Janeiro (CONUEE-RJ) e a Juventude Socialista participou com a quarta maior for\u00e7a do Congresso e com chapa pr\u00f3pria \u201cO Futuro n\u00e3o Demora\u201d. O CONUEE \u00e9 um congresso&#8230;<!-- AddThis Advanced Settings generic via filter on wp_trim_excerpt --><!-- AddThis Share Buttons generic via filter on wp_trim_excerpt --><\/p>\n","protected":false},"author":17,"featured_media":67657,"comment_status":"closed","ping_status":"closed","sticky":false,"template":"","format":"standard","meta":{"_monsterinsights_skip_tracking":false,"_monsterinsights_sitenote_active":false,"_monsterinsights_sitenote_note":"","_monsterinsights_sitenote_category":0,"_uf_show_specific_survey":0,"_uf_disable_surveys":false,"footnotes":""},"categories":[1390,1586,1397],"tags":[3293,3292],"class_list":["post-67654","post","type-post","status-publish","format-standard","has-post-thumbnail","hentry","category-editorias","category-juventude-socialista","category-movimentos","tag-ufrrj","tag-universidade-federal-rural-do-rio-de-janeiro"],"acf":[],"_links":{"self":[{"href":"https:\/\/pdt-rj.org.br\/index.php\/wp-json\/wp\/v2\/posts\/67654","targetHints":{"allow":["GET"]}}],"collection":[{"href":"https:\/\/pdt-rj.org.br\/index.php\/wp-json\/wp\/v2\/posts"}],"about":[{"href":"https:\/\/pdt-rj.org.br\/index.php\/wp-json\/wp\/v2\/types\/post"}],"author":[{"embeddable":true,"href":"https:\/\/pdt-rj.org.br\/index.php\/wp-json\/wp\/v2\/users\/17"}],"replies":[{"embeddable":true,"href":"https:\/\/pdt-rj.org.br\/index.php\/wp-json\/wp\/v2\/comments?post=67654"}],"version-history":[{"count":1,"href":"https:\/\/pdt-rj.org.br\/index.php\/wp-json\/wp\/v2\/posts\/67654\/revisions"}],"predecessor-version":[{"id":67656,"href":"https:\/\/pdt-rj.org.br\/index.php\/wp-json\/wp\/v2\/posts\/67654\/revisions\/67656"}],"wp:featuredmedia":[{"embeddable":true,"href":"https:\/\/pdt-rj.org.br\/index.php\/wp-json\/wp\/v2\/media\/67657"}],"wp:attachment":[{"href":"https:\/\/pdt-rj.org.br\/index.php\/wp-json\/wp\/v2\/media?parent=67654"}],"wp:term":[{"taxonomy":"category","embeddable":true,"href":"https:\/\/pdt-rj.org.br\/index.php\/wp-json\/wp\/v2\/categories?post=67654"},{"taxonomy":"post_tag","embeddable":true,"href":"https:\/\/pdt-rj.org.br\/index.php\/wp-json\/wp\/v2\/tags?post=67654"}],"curies":[{"name":"wp","href":"https:\/\/api.w.org\/{rel}","templated":true}]}}