{"id":67571,"date":"2019-08-23T20:31:28","date_gmt":"2019-08-23T23:31:28","guid":{"rendered":"http:\/\/pdt-rj.org.br\/?p=67571"},"modified":"2019-08-24T18:00:46","modified_gmt":"2019-08-24T21:00:46","slug":"repare-bem-ciro-gomes-entrevista-martha-rocha","status":"publish","type":"post","link":"https:\/\/pdt-rj.org.br\/index.php\/repare-bem-ciro-gomes-entrevista-martha-rocha\/","title":{"rendered":"&#8220;Repare bem&#8221;: Ciro Gomes entrevista Martha Rocha"},"content":{"rendered":"<p>O ex-candidato \u00e0 presid\u00eancia da rep\u00fablica, Ciro Gomes, entrevistou, nessa quinta-feira (22), a deputada estadual pelo Rio de Janeiro Martha Rocha (PDT) em seu programa de entrevistas \u201cRepare Bem\u201d, no Youtube. Eles conversaram sobre a trajet\u00f3ria de vida da deputada, seguran\u00e7a p\u00fablica, educa\u00e7\u00e3o e atual situa\u00e7\u00e3o do Rio de Janeiro.<\/p>\n<p>Ciro e Martha falaram sobre a import\u00e2ncia da educa\u00e7\u00e3o como preven\u00e7\u00e3o e enfrentamento da viol\u00eancia e do crime no Brasil.<\/p>\n<p>\u201cAs pessoas querem a solu\u00e7\u00e3o f\u00e1cil, e a solu\u00e7\u00e3o f\u00e1cil n\u00e3o \u00e9 com bandido morto. A solu\u00e7\u00e3o adequada que vai garantir o enfrentamento da viol\u00eancia \u00e9 pensar na preven\u00e7\u00e3o, e ai vamos falar sempre da educa\u00e7\u00e3o, e quando chegar na hora da atua\u00e7\u00e3o, uma atua\u00e7\u00e3o com qualidade, com profissionais qualificados, bem remunerados\u201d, afirmou a deputada.<\/p>\n<p>Na conversa, Martha tamb\u00e9m fala das dificuldades enfrentadas pelas mulheres, tanto na pol\u00edcia como na pol\u00edtica brasileira.<\/p>\n<p>\u201cN\u00e3o d\u00e1 para querer uma sociedade que seja justa, solid\u00e1ria e sem preconceito sem entender o papel das mulheres nesse contexto, n\u00e3o h\u00e1 uma luta da democracia sem a participa\u00e7\u00e3o das mulheres\u201d explicou a pedetista.<\/p>\n<p>Quando questionada por Ciro sobre os problemas enfrentados pela popula\u00e7\u00e3o do Rio de Janeiro, em especial a periferia, Martha acredita que ainda tem jeito de mudar a situa\u00e7\u00e3o.<\/p>\n<p>\u201cAs pessoas verdadeiramente est\u00e3o tendo ci\u00eancia da grande bobagem que fizeram em suas vidas, eu n\u00e3o tenho a menor d\u00favida disso. E vai chegar o momento que a gente vai entender o que a gente quer para cidade do Rio de Janeiro, qual o compromisso que a gente quer e nesse compromisso n\u00e3o tem que ter uma cidade partido&#8221;.<\/p>\n<p>A pedetista ainda destaca as in\u00fameras dificuldades enfrentadas por muitos trabalhadores do Rio.<\/p>\n<p>&#8220;Eu n\u00e3o posso aceitar que uma pessoa passe de uma a tr\u00eas horas no \u00f4nibus, indo e voltando de casa para o trabalho e achar isso normal, ent\u00e3o se eu n\u00e3o tiver essa capacidade de integrar a cidade, n\u00f3s vamos continuar nessas dificuldades. Tenho esperan\u00e7a que a gente vai construir uma cidade com uma gest\u00e3o diferente e vai trazer a nossa cidade de volta\u201d, finalizou a deputada.<\/p>\n<!-- AddThis Advanced Settings generic via filter on the_content --><!-- AddThis Share Buttons generic via filter on the_content -->","protected":false},"excerpt":{"rendered":"<p>O ex-candidato \u00e0 presid\u00eancia da rep\u00fablica, Ciro Gomes, entrevistou, nessa quinta-feira (22), a deputada estadual pelo Rio de Janeiro Martha Rocha (PDT) em seu programa de entrevistas \u201cRepare Bem\u201d, no Youtube. Eles conversaram sobre a trajet\u00f3ria de vida da deputada, seguran\u00e7a p\u00fablica, educa\u00e7\u00e3o e atual situa\u00e7\u00e3o do Rio de Janeiro. Ciro e Martha falaram sobre&#8230;<!-- AddThis Advanced Settings generic via filter on wp_trim_excerpt --><!-- AddThis Share Buttons generic via filter on wp_trim_excerpt --><\/p>\n","protected":false},"author":17,"featured_media":67599,"comment_status":"closed","ping_status":"closed","sticky":false,"template":"","format":"standard","meta":{"_monsterinsights_skip_tracking":false,"_monsterinsights_sitenote_active":false,"_monsterinsights_sitenote_note":"","_monsterinsights_sitenote_category":0,"_uf_show_specific_survey":0,"_uf_disable_surveys":false,"footnotes":""},"categories":[1390,1401],"tags":[],"class_list":["post-67571","post","type-post","status-publish","format-standard","has-post-thumbnail","hentry","category-editorias","category-nacional"],"acf":[],"_links":{"self":[{"href":"https:\/\/pdt-rj.org.br\/index.php\/wp-json\/wp\/v2\/posts\/67571","targetHints":{"allow":["GET"]}}],"collection":[{"href":"https:\/\/pdt-rj.org.br\/index.php\/wp-json\/wp\/v2\/posts"}],"about":[{"href":"https:\/\/pdt-rj.org.br\/index.php\/wp-json\/wp\/v2\/types\/post"}],"author":[{"embeddable":true,"href":"https:\/\/pdt-rj.org.br\/index.php\/wp-json\/wp\/v2\/users\/17"}],"replies":[{"embeddable":true,"href":"https:\/\/pdt-rj.org.br\/index.php\/wp-json\/wp\/v2\/comments?post=67571"}],"version-history":[{"count":4,"href":"https:\/\/pdt-rj.org.br\/index.php\/wp-json\/wp\/v2\/posts\/67571\/revisions"}],"predecessor-version":[{"id":67604,"href":"https:\/\/pdt-rj.org.br\/index.php\/wp-json\/wp\/v2\/posts\/67571\/revisions\/67604"}],"wp:featuredmedia":[{"embeddable":true,"href":"https:\/\/pdt-rj.org.br\/index.php\/wp-json\/wp\/v2\/media\/67599"}],"wp:attachment":[{"href":"https:\/\/pdt-rj.org.br\/index.php\/wp-json\/wp\/v2\/media?parent=67571"}],"wp:term":[{"taxonomy":"category","embeddable":true,"href":"https:\/\/pdt-rj.org.br\/index.php\/wp-json\/wp\/v2\/categories?post=67571"},{"taxonomy":"post_tag","embeddable":true,"href":"https:\/\/pdt-rj.org.br\/index.php\/wp-json\/wp\/v2\/tags?post=67571"}],"curies":[{"name":"wp","href":"https:\/\/api.w.org\/{rel}","templated":true}]}}