{"id":67129,"date":"2019-07-26T20:55:44","date_gmt":"2019-07-26T23:55:44","guid":{"rendered":"http:\/\/pdt-rj.org.br\/?p=67129"},"modified":"2019-08-01T20:03:46","modified_gmt":"2019-08-01T23:03:46","slug":"pdt-entra-com-acao-no-stf-contra-ordem-moro-para-destruicao-de-provas-encontradas-com-hackers","status":"publish","type":"post","link":"https:\/\/pdt-rj.org.br\/index.php\/pdt-entra-com-acao-no-stf-contra-ordem-moro-para-destruicao-de-provas-encontradas-com-hackers\/","title":{"rendered":"PDT entra com a\u00e7\u00e3o no STF contra ordem de S\u00e9rgio Moro para destruir provas encontradas com \u201chackers\u201d"},"content":{"rendered":"<p>O PDT entrou com uma a\u00e7\u00e3o, nesta sexta-feira (26), no Supremo Tribunal Federal (STF), contra a ordem do ministro da Justi\u00e7a, S\u00e9rgio Moro, para que sejam destru\u00eddas as provas encontradas com \u201chackers\u201d presos pela Pol\u00edcia Federal. A <a href=\"http:\/\/pdt-rj.org.br\/wp-content\/uploads\/2019\/07\/ADPF-Medida-liminar-de-urg\u00eancia-contra-o-crime-pretendido-por-Moro.pdf\">Argui\u00e7\u00e3o de Descumprimento de Preceito Fundamental<\/a> (ADPF) solicita uma medida liminar de urg\u00eancia contra o crime pretendido por Moro.<\/p>\n<p>\u201cNo caso posto sob ana\u0301lise no contexto desta ADPF, o acinte ao princi\u0301pio do devido processo legal material resta configurado pela atuac\u0327a\u0303o arbitra\u0301ria do Senhor S\u00e9rgio Moro em destruir as provas objeto de investigac\u0327a\u0303o pela Poli\u0301cia Federal. A medida de aniquilamento de provas colhidas no contexto de uma investigac\u0327a\u0303o na\u0303o pode ser tomada pelo Ministro da Justic\u0327a, autoridade do Poder Executivo\u201d, ressalta a a\u00e7\u00e3o, que tem o ex-ministro Ciro Gomes como um dos advogados que a subscrevem.<\/p>\n<p><a href=\"http:\/\/pdt-rj.org.br\/wp-content\/uploads\/2019\/07\/ADPF-Medida-liminar-de-urg\u00eancia-contra-o-crime-pretendido-por-Moro.pdf\">Leia aqui a \u00edntegra da Argui\u00e7\u00e3o de Descumprimento de Preceito Fundamental contra o ministro S\u00e9rgio Moro<\/a>.<\/p>\n<!-- AddThis Advanced Settings generic via filter on the_content --><!-- AddThis Share Buttons generic via filter on the_content -->","protected":false},"excerpt":{"rendered":"<p>O PDT entrou com uma a\u00e7\u00e3o, nesta sexta-feira (26), no Supremo Tribunal Federal (STF), contra a ordem do ministro da Justi\u00e7a, S\u00e9rgio Moro, para que sejam destru\u00eddas as provas encontradas com \u201chackers\u201d presos pela Pol\u00edcia Federal. A Argui\u00e7\u00e3o de Descumprimento de Preceito Fundamental (ADPF) solicita uma medida liminar de urg\u00eancia contra o crime pretendido por&#8230;<!-- AddThis Advanced Settings generic via filter on wp_trim_excerpt --><!-- AddThis Share Buttons generic via filter on wp_trim_excerpt --><\/p>\n","protected":false},"author":17,"featured_media":67130,"comment_status":"closed","ping_status":"closed","sticky":false,"template":"","format":"standard","meta":{"_monsterinsights_skip_tracking":false,"_monsterinsights_sitenote_active":false,"_monsterinsights_sitenote_note":"","_monsterinsights_sitenote_category":0,"_uf_show_specific_survey":0,"_uf_disable_surveys":false,"footnotes":""},"categories":[1390],"tags":[],"class_list":["post-67129","post","type-post","status-publish","format-standard","has-post-thumbnail","hentry","category-editorias"],"acf":[],"_links":{"self":[{"href":"https:\/\/pdt-rj.org.br\/index.php\/wp-json\/wp\/v2\/posts\/67129","targetHints":{"allow":["GET"]}}],"collection":[{"href":"https:\/\/pdt-rj.org.br\/index.php\/wp-json\/wp\/v2\/posts"}],"about":[{"href":"https:\/\/pdt-rj.org.br\/index.php\/wp-json\/wp\/v2\/types\/post"}],"author":[{"embeddable":true,"href":"https:\/\/pdt-rj.org.br\/index.php\/wp-json\/wp\/v2\/users\/17"}],"replies":[{"embeddable":true,"href":"https:\/\/pdt-rj.org.br\/index.php\/wp-json\/wp\/v2\/comments?post=67129"}],"version-history":[{"count":9,"href":"https:\/\/pdt-rj.org.br\/index.php\/wp-json\/wp\/v2\/posts\/67129\/revisions"}],"predecessor-version":[{"id":67184,"href":"https:\/\/pdt-rj.org.br\/index.php\/wp-json\/wp\/v2\/posts\/67129\/revisions\/67184"}],"wp:featuredmedia":[{"embeddable":true,"href":"https:\/\/pdt-rj.org.br\/index.php\/wp-json\/wp\/v2\/media\/67130"}],"wp:attachment":[{"href":"https:\/\/pdt-rj.org.br\/index.php\/wp-json\/wp\/v2\/media?parent=67129"}],"wp:term":[{"taxonomy":"category","embeddable":true,"href":"https:\/\/pdt-rj.org.br\/index.php\/wp-json\/wp\/v2\/categories?post=67129"},{"taxonomy":"post_tag","embeddable":true,"href":"https:\/\/pdt-rj.org.br\/index.php\/wp-json\/wp\/v2\/tags?post=67129"}],"curies":[{"name":"wp","href":"https:\/\/api.w.org\/{rel}","templated":true}]}}