{"id":67123,"date":"2019-07-26T16:57:37","date_gmt":"2019-07-26T19:57:37","guid":{"rendered":"http:\/\/pdt-rj.org.br\/?p=67123"},"modified":"2019-07-29T12:01:26","modified_gmt":"2019-07-29T15:01:26","slug":"joao-goulart-tentou-tornar-o-brasil-um-pais-mais-igual-e-independente","status":"publish","type":"post","link":"https:\/\/pdt-rj.org.br\/index.php\/joao-goulart-tentou-tornar-o-brasil-um-pais-mais-igual-e-independente\/","title":{"rendered":"&#8220;Jo\u00e3o Goulart tentou tornar o Brasil um pa\u00eds mais igual e independente&#8221;"},"content":{"rendered":"<p>O jornalista Mino Carta define o presidente Jo\u00e3o Goulart com uma palavra: estadista. E os dias conturbados de seu governo \u2013 garantido pelo Movimento da Legalidade liderado por Brizola, pelo plebiscito de 1963 e por sua luta pelas reformas de base \u2013 como um dos per\u00edodos mais ricos politicamente da Hist\u00f3ria brasileira: que se inicia com a volta de Get\u00falio Vargas ao poder, pelo voto, e \u00e9 encerrado pelo golpe militar de 1964.<\/p>\n<p>O golpe, em sua opini\u00e3o, mudou os rumos do Brasil e foi consequ\u00eancia da alian\u00e7a da elite brasileira com os militares para fazer prevalecer o predom\u00ednio da Casa Grande sobre a Senzala: dos brasileiros ricos sobre as camadas mais pobres da popula\u00e7\u00e3o.<\/p>\n<p>\u201cNo poder, Jango demonstrou a sua dimens\u00e3o de estadista, depois que conseguiu se desvencilhar do parlamentarismo\u201d e p\u00f4de avan\u00e7ar no seu projeto de reformas de base, que previa, entre outras grandes conquistas para a sociedade brasileira, a reforma agr\u00e1ria, banc\u00e1ria, tribut\u00e1ria e da educa\u00e7\u00e3o \u2013 al\u00e9m de uma pol\u00edtica externa independente, na constru\u00e7\u00e3o de um Brasil mais justo para os brasileiros.<\/p>\n<p>Jango era um homem de esquerda, apesar de rico fazendeiro \u2013 levando-se em conta a defini\u00e7\u00e3o de Norberto Bobbio, especialmente o que escreveu ap\u00f3s a queda do muro de Berlim, que ser de esquerda \u201c\u00e9 lutar de forma desassombrada pela igualdade\u201d. Jango lutou, quando Presidente do Brasil, em todas as dimens\u00f5es, lutando pelo centro.<\/p>\n<p>\u201cJango tentou tornar o Brasil um pa\u00eds mais igual e independente e, por isto, dou grande import\u00e2ncia ao per\u00edodo da vida brasileira que vai de Get\u00falio a Jango\u201d, \u00e9poca em que o Brasil se torna a 15\u00aa pot\u00eancia industrial do mundo. S\u00f3 que a elite brasileira, na luta em defesa por seus privil\u00e9gios, antigos, \u201capoiou o golpe para que a Senzala continuasse Senzala\u201d.<\/p>\n<p>As desigualdades se aprofundaram ap\u00f3s 64; e mais ainda ap\u00f3s a chamada redemocratiza\u00e7\u00e3o dos anos 80, com o fim da ditadura. \u201cO Brasil poderia ter encontrado o caminho certo, mas isto n\u00e3o foi poss\u00edvel porque a Casa Grande foi muito mais eficaz\u201c em fazer prevalecer os seus privil\u00e9gios na sociedade brasileira, sob o dom\u00ednio dos militares apoiados pelos Estados Unidos que, por sua vez, usavam o fantasma do regime cubano.<\/p>\n<p>Jango, como Lula, acreditou na concilia\u00e7\u00e3o com as elites sem perceber que ela \u00e9 fechada para a Senzala \u2013 n\u00e3o h\u00e1 acordo poss\u00edvel, argumentou Mino Carta. Por isto acha que Jango e Lula em parte foram parecidos no exerc\u00edcio do poder. Em parte; porque no poder, depois que se libertou da amarra do parlamentarismo, Jango partiu para as reformas de base \u201ce estava tudo ali, nas reformas, o que o Brasil necessitava\u201d.<\/p>\n<p>E por conta disto Jango foi combatido e desestabilizado, at\u00e9 o golpe \u2013 que contou com apoio da m\u00eddia \u201cque sempre serviu ao Poder como esp\u00e9cie de porta-voz da Casa Grande\u201d. Mino, que em 1964 trabalhava na revista \u201cQuatro Rodas\u201d, lembra que viu a marcha passar, literalmente, ao assistir \u00e0s tropas avan\u00e7ando pelo centro de S\u00e3o Paulo; ele posicionado na esquina da Marconi com Bar\u00e3o de Itapetininga: \u201cSenti arrepios de puro pavor vendo aquela marcha muito simb\u00f3lica para mim que vi o Brasil medieval, o da Casa Grande, passar. Na frente dela vieram os s\u00f3cios da harmonia, acompanhados por seus f\u00e2mulos, aias, jardineiros, motoristas, pedicuros etc. Todos juntos: escravos e senhores\u201d.<\/p>\n<p>No poder, para Mino, Jango tornou-se um estadista porque trabalhou pelo Brasil sonhado por Get\u00falio Vargas; assumiu uma postura claramente de esquerda, sendo ele um social-democrata aut\u00eantico. \u201cTenho grande admira\u00e7\u00e3o por Jo\u00e3o Goulart por este desempenho no poder, quando soube liderar e sonhar com um Brasil muito grande\u201d. Mino se confessa admirador de Jango, porque foi no per\u00edodo em que ele governou que come\u00e7ou a perceber os caminhos que o Brasil precisa seguir. Mas sabe tamb\u00e9m que Jango n\u00e3o tinha ilus\u00f5es: sabia das dificuldades que teria que enfrentar. E vem da\u00ed a sua admira\u00e7\u00e3o ao presidente Jo\u00e3o Goulart.<\/p>\n<p>Mino Carta foi editor ou diretor de Quatro Rodas, o Jornal da Tarde, Veja, Isto \u00c9; e hoje \u00e9 diretor de reda\u00e7\u00e3o da revista Carta Capital; \u00e9 doutor honoris causa pela Faculdade C\u00e1sper L\u00edbero; e recebeu o pr\u00eamio de Jornalista Brasileiro de Maior Destaque no Ano da Associa\u00e7\u00e3o dos Correspondentes da Imprensa Estrangeira no Brasil (ACIE), em 2006.<\/p>\n<p>Confira a entrevista completa abaixo:<\/p>\n<p><iframe loading=\"lazy\" title=\"MINO CARTA: &quot;JANGO SONHOU COM UM BRASIL MUITO GRANDE.&quot;\" width=\"640\" height=\"360\" src=\"https:\/\/www.youtube.com\/embed\/3HWAdvEnZYM?feature=oembed\" frameborder=\"0\" allow=\"accelerometer; autoplay; clipboard-write; encrypted-media; gyroscope; picture-in-picture; web-share\" referrerpolicy=\"strict-origin-when-cross-origin\" allowfullscreen><\/iframe><\/p>\n<!-- AddThis Advanced Settings generic via filter on the_content --><!-- AddThis Share Buttons generic via filter on the_content -->","protected":false},"excerpt":{"rendered":"<p>O jornalista Mino Carta define o presidente Jo\u00e3o Goulart com uma palavra: estadista. E os dias conturbados de seu governo \u2013 garantido pelo Movimento da Legalidade liderado por Brizola, pelo plebiscito de 1963 e por sua luta pelas reformas de base \u2013 como um dos per\u00edodos mais ricos politicamente da Hist\u00f3ria brasileira: que se inicia&#8230;<!-- AddThis Advanced Settings generic via filter on wp_trim_excerpt --><!-- AddThis Share Buttons generic via filter on wp_trim_excerpt --><\/p>\n","protected":false},"author":17,"featured_media":67124,"comment_status":"closed","ping_status":"closed","sticky":false,"template":"","format":"standard","meta":{"_monsterinsights_skip_tracking":false,"_monsterinsights_sitenote_active":false,"_monsterinsights_sitenote_note":"","_monsterinsights_sitenote_category":0,"_uf_show_specific_survey":0,"_uf_disable_surveys":false,"footnotes":""},"categories":[1390,3230],"tags":[],"class_list":["post-67123","post","type-post","status-publish","format-standard","has-post-thumbnail","hentry","category-editorias","category-centenario-de-jango"],"acf":[],"_links":{"self":[{"href":"https:\/\/pdt-rj.org.br\/index.php\/wp-json\/wp\/v2\/posts\/67123","targetHints":{"allow":["GET"]}}],"collection":[{"href":"https:\/\/pdt-rj.org.br\/index.php\/wp-json\/wp\/v2\/posts"}],"about":[{"href":"https:\/\/pdt-rj.org.br\/index.php\/wp-json\/wp\/v2\/types\/post"}],"author":[{"embeddable":true,"href":"https:\/\/pdt-rj.org.br\/index.php\/wp-json\/wp\/v2\/users\/17"}],"replies":[{"embeddable":true,"href":"https:\/\/pdt-rj.org.br\/index.php\/wp-json\/wp\/v2\/comments?post=67123"}],"version-history":[{"count":2,"href":"https:\/\/pdt-rj.org.br\/index.php\/wp-json\/wp\/v2\/posts\/67123\/revisions"}],"predecessor-version":[{"id":67160,"href":"https:\/\/pdt-rj.org.br\/index.php\/wp-json\/wp\/v2\/posts\/67123\/revisions\/67160"}],"wp:featuredmedia":[{"embeddable":true,"href":"https:\/\/pdt-rj.org.br\/index.php\/wp-json\/wp\/v2\/media\/67124"}],"wp:attachment":[{"href":"https:\/\/pdt-rj.org.br\/index.php\/wp-json\/wp\/v2\/media?parent=67123"}],"wp:term":[{"taxonomy":"category","embeddable":true,"href":"https:\/\/pdt-rj.org.br\/index.php\/wp-json\/wp\/v2\/categories?post=67123"},{"taxonomy":"post_tag","embeddable":true,"href":"https:\/\/pdt-rj.org.br\/index.php\/wp-json\/wp\/v2\/tags?post=67123"}],"curies":[{"name":"wp","href":"https:\/\/api.w.org\/{rel}","templated":true}]}}