{"id":67122,"date":"2019-07-26T21:24:06","date_gmt":"2019-07-27T00:24:06","guid":{"rendered":"http:\/\/pdt-rj.org.br\/?p=67122"},"modified":"2019-07-29T11:19:51","modified_gmt":"2019-07-29T14:19:51","slug":"lupi-lidera-comitiva-pedetista-em-reuniao-da-internacional-socialista-no-oriente-medio","status":"publish","type":"post","link":"https:\/\/pdt-rj.org.br\/index.php\/lupi-lidera-comitiva-pedetista-em-reuniao-da-internacional-socialista-no-oriente-medio\/","title":{"rendered":"Lupi lidera comitiva pedetista em reuni\u00e3o da Internacional Socialista no Oriente M\u00e9dio"},"content":{"rendered":"<p>Alcan\u00e7ar a paz no Oriente M\u00e9dio a partir da promo\u00e7\u00e3o do di\u00e1logo. \u00c9 com essa miss\u00e3o que o presidente nacional do PDT, Carlos Lupi, lidera a comitiva pedetista que participar\u00e1 de duas reuni\u00f5es realizadas pela da Internacional Socialista (IE), na pr\u00f3xima ter\u00e7a-feira (30), em Ramallah (Palestina), e na quarta (31), em Tel Aviv (Israel).<\/p>\n<p>A inciativa faz parte de um dos compromissos da IS, e que vem sendo executado h\u00e1 muitos anos, de n\u00e3o medir esfor\u00e7os para tomar decis\u00f5es que sejam apoiem a busca de uma solu\u00e7\u00e3o para que Israel e Palestina vivam em paz, como dois Estados vizinhos e soberanos.<\/p>\n<p>Lupi, que \u00e9 vice-presidente da IE, estar\u00e1 acompanhado do deputado federal Andr\u00e9 Figueiredo, l\u00edder do PDT na C\u00e2mara, e Miguelina Vecchio, vice-presidente nacional do partido.<\/p>\n<p>De acordo com a IE, o momento requer a\u00a0 reuni\u00e3o imediata de representantes dos partidos membros da IS com membros de outros pa\u00edses, em Israel e na Palestina, devido \u00e0 conjuntura atualmente cr\u00edtica para os povos da regi\u00e3o e, tamb\u00e9m, por causa dos in\u00fameros desafios que os conflitos entre as duas na\u00e7\u00f5es trazem como consequ\u00eancia, a n\u00edvel global e regional.<\/p>\n<p>&#8220;Esta iniciativa responde \u00e0 necessidade de trocar pontos de vista, estabelecer prioridades e definir um caminho comum a favor da paz, da democracia e oportunidades para todos na regi\u00e3o&#8221;.<\/p>\n<p>&nbsp;<\/p>\n<p>&nbsp;<\/p>\n<p>&nbsp;<\/p>\n<!-- AddThis Advanced Settings generic via filter on the_content --><!-- AddThis Share Buttons generic via filter on the_content -->","protected":false},"excerpt":{"rendered":"<p>Alcan\u00e7ar a paz no Oriente M\u00e9dio a partir da promo\u00e7\u00e3o do di\u00e1logo. \u00c9 com essa miss\u00e3o que o presidente nacional do PDT, Carlos Lupi, lidera a comitiva pedetista que participar\u00e1 de duas reuni\u00f5es realizadas pela da Internacional Socialista (IE), na pr\u00f3xima ter\u00e7a-feira (30), em Ramallah (Palestina), e na quarta (31), em Tel Aviv (Israel). A&#8230;<!-- AddThis Advanced Settings generic via filter on wp_trim_excerpt --><!-- AddThis Share Buttons generic via filter on wp_trim_excerpt --><\/p>\n","protected":false},"author":17,"featured_media":67140,"comment_status":"closed","ping_status":"closed","sticky":false,"template":"","format":"standard","meta":{"_monsterinsights_skip_tracking":false,"_monsterinsights_sitenote_active":false,"_monsterinsights_sitenote_note":"","_monsterinsights_sitenote_category":0,"_uf_show_specific_survey":0,"_uf_disable_surveys":false,"footnotes":""},"categories":[3030,976],"tags":[],"class_list":["post-67122","post","type-post","status-publish","format-standard","has-post-thumbnail","hentry","category-internacional","category-noticias-em-destaque"],"acf":[],"_links":{"self":[{"href":"https:\/\/pdt-rj.org.br\/index.php\/wp-json\/wp\/v2\/posts\/67122","targetHints":{"allow":["GET"]}}],"collection":[{"href":"https:\/\/pdt-rj.org.br\/index.php\/wp-json\/wp\/v2\/posts"}],"about":[{"href":"https:\/\/pdt-rj.org.br\/index.php\/wp-json\/wp\/v2\/types\/post"}],"author":[{"embeddable":true,"href":"https:\/\/pdt-rj.org.br\/index.php\/wp-json\/wp\/v2\/users\/17"}],"replies":[{"embeddable":true,"href":"https:\/\/pdt-rj.org.br\/index.php\/wp-json\/wp\/v2\/comments?post=67122"}],"version-history":[{"count":7,"href":"https:\/\/pdt-rj.org.br\/index.php\/wp-json\/wp\/v2\/posts\/67122\/revisions"}],"predecessor-version":[{"id":67156,"href":"https:\/\/pdt-rj.org.br\/index.php\/wp-json\/wp\/v2\/posts\/67122\/revisions\/67156"}],"wp:featuredmedia":[{"embeddable":true,"href":"https:\/\/pdt-rj.org.br\/index.php\/wp-json\/wp\/v2\/media\/67140"}],"wp:attachment":[{"href":"https:\/\/pdt-rj.org.br\/index.php\/wp-json\/wp\/v2\/media?parent=67122"}],"wp:term":[{"taxonomy":"category","embeddable":true,"href":"https:\/\/pdt-rj.org.br\/index.php\/wp-json\/wp\/v2\/categories?post=67122"},{"taxonomy":"post_tag","embeddable":true,"href":"https:\/\/pdt-rj.org.br\/index.php\/wp-json\/wp\/v2\/tags?post=67122"}],"curies":[{"name":"wp","href":"https:\/\/api.w.org\/{rel}","templated":true}]}}