{"id":66903,"date":"2019-07-16T16:57:30","date_gmt":"2019-07-16T19:57:30","guid":{"rendered":"http:\/\/pdt-rj.org.br\/?p=66903"},"modified":"2019-07-16T17:08:22","modified_gmt":"2019-07-16T20:08:22","slug":"jango-caiu-por-suas-virtudes-nao-por-seus-defeitos","status":"publish","type":"post","link":"https:\/\/pdt-rj.org.br\/index.php\/jango-caiu-por-suas-virtudes-nao-por-seus-defeitos\/","title":{"rendered":"\u201cJango caiu por suas virtudes, n\u00e3o por seus defeitos\u201d"},"content":{"rendered":"<p>O radialista e jornalista Jo\u00e3o Batista de Melo Filho \u2013 Batista Filho, como \u00e9 mais conhecido pelos ga\u00fachos \u2013 come\u00e7ou a se interessar por pol\u00edtica ainda menino em Pinheiro Machado, porque este era um tema que se falava muito em sua casa; e seu pai foi o fundador do primeiro diret\u00f3rio do PTB em Lagoa Vermelha: partido que, segundo ele definia, enfrentava \u201cas for\u00e7as do atraso\u201d reunidas em torno da UDN e do PSD. <\/p>\n<p>Corria o ano de 1950 quando seu pai fez campanha para dois jovens trabalhistas: um de S\u00e3o Borja, Jo\u00e3o Goulart, candidato a deputado federal; e o outro, Leonel Brizola, de Carazinho, que o pai definia como \u201cjovem sonhador\u201d.<\/p>\n<p>Nesta mesma \u00e9poca, Batista Filho come\u00e7ou a acompanhar os notici\u00e1rios sobre o governo de Get\u00falio Vargas; veio a crise provocada pelo aumento de 100% do sal\u00e1rio m\u00ednimo, que ensejou a reorganiza\u00e7\u00e3o das for\u00e7as reacion\u00e1rias que n\u00e3o toleravam Get\u00falio no poder e a primeira derrota de Jango, obrigado a renunciar ao cargo de ministro do Trabalho.<\/p>\n<p>Essas mesmas for\u00e7as reacion\u00e1rias \u201cfizeram acontecer o suic\u00eddio de Get\u00falio\u201d, em 1954. Mas n\u00e3o conseguiram impedir as vit\u00f3rias de Juscelino Kubistchek e de Jo\u00e3o Goulart \u2013 para presidente e vice \u2013 na elei\u00e7\u00e3o presidencial seguinte. Nem a reelei\u00e7\u00e3o de Jango em 1960, embora o seu parceiro na chapa, o marechal Lott, tenha perdido para J\u00e2nio Quadros.<\/p>\n<p>Batista Filho define a campanha da Legalidade como \u201cmaior movimento c\u00edvico espont\u00e2neo\u201d j\u00e1 ocorrido no Brasil, liderado por Leonel Brizola, quando os ga\u00fachos, e depois os brasileiros \u2013 pelas ondas do r\u00e1dio \u2013derrotaram o golpe das for\u00e7as contr\u00e1rias a Jo\u00e3o Goulart e a todos os progressistas remanescentes do governo de Vargas. A ren\u00fancia de J\u00e2nio, em sua opini\u00e3o, \u201cfoi um del\u00edrio de grandeza\u201d que n\u00e3o deu certo.<\/p>\n<p>O sucesso da Legalidade foi fruto da \u201ccoer\u00eancia e coragem\u201d de Brizola aliadas \u00e0 capacidade de \u201cconciliar e compreender\u201d de Jango, com a solu\u00e7\u00e3o parlamentarista de Tancredo.<\/p>\n<p>Sobre o golpe de 64, tr\u00eas anos depois, Batista Filho explica: \u201cJango caiu por suas virtudes, n\u00e3o por seus defeitos; porque ele tinha uma equipe preparada e sabia que o Brasil precisava avan\u00e7ar rompendo barreiras: furando esquemas antigos e ultrapassados de domina\u00e7\u00e3o, base das desigualdades no Brasil\u201d. Da\u00ed toda a sua luta pelas reformas de base.<\/p>\n<p>\u201cAs reformas agr\u00e1ria, pol\u00edtica, tribut\u00e1ria e, sobretudo, a banc\u00e1ria s\u00e3o reformas imprescind\u00edveis que at\u00e9 agora ningu\u00e9m teve coragem de realizar\u201d, acrescentou. <\/p>\n<p>Para Batista Filho, no Brasil nada \u00e9 mais transparente, claro, objetivo e simb\u00f3lico do que \u201ca domina\u00e7\u00e3o do capital financeiro sobre os demais setores da economia\u201d: da\u00ed a exist\u00eancia do controle da economia por \u201capenas cinco ou seis grandes bancos\u201d. Esta concentra\u00e7\u00e3o n\u00e3o existiria caso as reformas de base de Jango tivessem acontecido; mas como elas foram descartadas, isto causou um atraso \u201cde 40 a 50 anos\u201d em rela\u00e7\u00e3o a outros pa\u00edses.<\/p>\n<p>Ao sintetizar o Jo\u00e3o Goulart, Batista Filho disse que Jango n\u00e3o foi s\u00f3 um trabalhista, foi tamb\u00e9m um humanista e pol\u00edtico inspirado que tentou fazer o que considerava certo, o que acreditava; mas foi impedido pelos que n\u00e3o querem que o bem dos brasileiros. <\/p>\n<p>Confira a entrevista completa abaixo:<\/p>\n<figure class=\"wp-block-embed-youtube wp-block-embed is-type-video is-provider-youtube wp-embed-aspect-16-9 wp-has-aspect-ratio\">\n<div class=\"wp-block-embed__wrapper\">\n<iframe loading=\"lazy\" title=\"BATISTA FILHO: \u201cJANGO CAIU POR SUAS VIRTUDES, N\u00c3O POR SEUS DEFEITOS.&quot;\" width=\"640\" height=\"360\" src=\"https:\/\/www.youtube.com\/embed\/NW6h_A9xRbA?feature=oembed\" frameborder=\"0\" allow=\"accelerometer; autoplay; clipboard-write; encrypted-media; gyroscope; picture-in-picture; web-share\" referrerpolicy=\"strict-origin-when-cross-origin\" allowfullscreen><\/iframe>\n<\/div>\n<\/figure>\n<!-- AddThis Advanced Settings generic via filter on the_content --><!-- AddThis Share Buttons generic via filter on the_content -->","protected":false},"excerpt":{"rendered":"<p>O radialista e jornalista Jo\u00e3o Batista de Melo Filho \u2013 Batista Filho, como \u00e9 mais conhecido pelos ga\u00fachos \u2013 come\u00e7ou a se interessar por pol\u00edtica ainda menino em Pinheiro Machado, porque este era um tema que se falava muito em sua casa; e seu pai foi o fundador do primeiro diret\u00f3rio do PTB em Lagoa&#8230;<!-- AddThis Advanced Settings generic via filter on wp_trim_excerpt --><!-- AddThis Share Buttons generic via filter on wp_trim_excerpt --><\/p>\n","protected":false},"author":17,"featured_media":66915,"comment_status":"closed","ping_status":"closed","sticky":false,"template":"","format":"standard","meta":{"_monsterinsights_skip_tracking":false,"_monsterinsights_sitenote_active":false,"_monsterinsights_sitenote_note":"","_monsterinsights_sitenote_category":0,"_uf_show_specific_survey":0,"_uf_disable_surveys":false,"footnotes":""},"categories":[1390,3230],"tags":[],"class_list":["post-66903","post","type-post","status-publish","format-standard","has-post-thumbnail","hentry","category-editorias","category-centenario-de-jango"],"acf":[],"_links":{"self":[{"href":"https:\/\/pdt-rj.org.br\/index.php\/wp-json\/wp\/v2\/posts\/66903","targetHints":{"allow":["GET"]}}],"collection":[{"href":"https:\/\/pdt-rj.org.br\/index.php\/wp-json\/wp\/v2\/posts"}],"about":[{"href":"https:\/\/pdt-rj.org.br\/index.php\/wp-json\/wp\/v2\/types\/post"}],"author":[{"embeddable":true,"href":"https:\/\/pdt-rj.org.br\/index.php\/wp-json\/wp\/v2\/users\/17"}],"replies":[{"embeddable":true,"href":"https:\/\/pdt-rj.org.br\/index.php\/wp-json\/wp\/v2\/comments?post=66903"}],"version-history":[{"count":8,"href":"https:\/\/pdt-rj.org.br\/index.php\/wp-json\/wp\/v2\/posts\/66903\/revisions"}],"predecessor-version":[{"id":66922,"href":"https:\/\/pdt-rj.org.br\/index.php\/wp-json\/wp\/v2\/posts\/66903\/revisions\/66922"}],"wp:featuredmedia":[{"embeddable":true,"href":"https:\/\/pdt-rj.org.br\/index.php\/wp-json\/wp\/v2\/media\/66915"}],"wp:attachment":[{"href":"https:\/\/pdt-rj.org.br\/index.php\/wp-json\/wp\/v2\/media?parent=66903"}],"wp:term":[{"taxonomy":"category","embeddable":true,"href":"https:\/\/pdt-rj.org.br\/index.php\/wp-json\/wp\/v2\/categories?post=66903"},{"taxonomy":"post_tag","embeddable":true,"href":"https:\/\/pdt-rj.org.br\/index.php\/wp-json\/wp\/v2\/tags?post=66903"}],"curies":[{"name":"wp","href":"https:\/\/api.w.org\/{rel}","templated":true}]}}