{"id":66867,"date":"2019-07-12T19:24:01","date_gmt":"2019-07-12T22:24:01","guid":{"rendered":"http:\/\/pdt-rj.org.br\/?p=66867"},"modified":"2019-07-12T19:49:34","modified_gmt":"2019-07-12T22:49:34","slug":"camara-aprova-emenda-do-pdt-com-regras-de-aposentadoria-mais-favoraveis-para-professores","status":"publish","type":"post","link":"https:\/\/pdt-rj.org.br\/index.php\/camara-aprova-emenda-do-pdt-com-regras-de-aposentadoria-mais-favoraveis-para-professores\/","title":{"rendered":"C\u00e2mara aprova emenda do PDT com regras de aposentadoria mais favor\u00e1veis para professores"},"content":{"rendered":"<p>O plen\u00e1rio da C\u00e2mara aprovou, nesta sexta-feira (12), altera\u00e7\u00e3o na reforma da Previd\u00eancia aprovada, na quarta-feira (10), para reduzir os preju\u00edzos de professores em atividade. Com a medida, professoras poder\u00e3o se aposentar aos 52 anos, e professores, com 55 anos. O texto aprovado previa idades m\u00ednimas de 55 e 58 anos, respectivamente.<\/p>\n<p>L\u00edder do PDT, o deputado Andr\u00e9 Figueiredo (CE) destacou n\u00e3o se tratar de comemorar uma vit\u00f3ria, mas a redu\u00e7\u00e3o de danos. O parlamentar refor\u00e7ou que considera essa reforma \u201cum grande retrocesso\u201d, mas louvou a articula\u00e7\u00e3o das oposi\u00e7\u00f5es para conseguir que os professores, pelo menos, n\u00e3o fossem t\u00e3o desvalorizados.<\/p>\n<p>Defensor da categoria na C\u00e2mara, o deputado Idilvan Alencar (PDT-CE) defendeu, durante a vota\u00e7\u00e3o, que \u201cgostar de professor e defender a Educa\u00e7\u00e3o deveria ser pr\u00e9-requisito para ser pol\u00edtico nesse pa\u00eds\u201d. Para o deputado, essa emenda n\u00e3o beneficia apenas o professor, \u201cmas a crian\u00e7a, o jovem, o Brasil\u201d.<\/p>\n<figure class=\"wp-block-image\"><img loading=\"lazy\" decoding=\"async\" width=\"1024\" height=\"683\" src=\"http:\/\/pdt-rj.org.br\/wp-content\/uploads\/2019\/07\/WhatsApp-Image-2019-07-12-at-15.59.18-1024x683.jpeg\" alt=\"\" class=\"wp-image-66885\" srcset=\"https:\/\/pdt-rj.org.br\/wp-content\/uploads\/2019\/07\/WhatsApp-Image-2019-07-12-at-15.59.18.jpeg 1024w, https:\/\/pdt-rj.org.br\/wp-content\/uploads\/2019\/07\/WhatsApp-Image-2019-07-12-at-15.59.18-100x67.jpeg 100w, https:\/\/pdt-rj.org.br\/wp-content\/uploads\/2019\/07\/WhatsApp-Image-2019-07-12-at-15.59.18-300x200.jpeg 300w, https:\/\/pdt-rj.org.br\/wp-content\/uploads\/2019\/07\/WhatsApp-Image-2019-07-12-at-15.59.18-768x512.jpeg 768w, https:\/\/pdt-rj.org.br\/wp-content\/uploads\/2019\/07\/WhatsApp-Image-2019-07-12-at-15.59.18-135x90.jpeg 135w\" sizes=\"auto, (max-width: 1024px) 100vw, 1024px\" \/><figcaption>P<em>ara o defensor da categoria na C\u00e2mara, o deputado Idilvan Alencar (PDT-CE),  <br \/>emenda n\u00e3o beneficia apenas o professor, \u201cmas a crian\u00e7a, o jovem, o Brasil\u201d<\/em> . <\/figcaption><\/figure>\n<p>Atualmente, tanto no Regime Geral de Previd\u00eancia Social (RGPS) como no Regime Pr\u00f3prio de Previd\u00eancia Social (RPPS) as professoras podem se aposentar com 25 anos de contribui\u00e7\u00e3o e receber a m\u00e9dia dos 80% maiores sal\u00e1rios. Professores t\u00eam o mesmo direito com 30 anos contributivos. N\u00e3o h\u00e1 previs\u00e3o de idade m\u00ednima para profissionais da inciativa privada. J\u00e1 no setor p\u00fablico, as idades m\u00ednimas s\u00e3o 50 anos para mulheres e 60 para homens.<\/p>\n<p>Com a mudan\u00e7a, tempo de contribui\u00e7\u00e3o para a categoria ser\u00e1 de 30 anos, homem, e 25, mulher. No caso dos servidores, \u00e9 preciso ainda pelo menos 20 anos de servi\u00e7o p\u00fablico e 5 no cargo em que se der a aposentadoria.<\/p>\n<!-- AddThis Advanced Settings generic via filter on the_content --><!-- AddThis Share Buttons generic via filter on the_content -->","protected":false},"excerpt":{"rendered":"<p>O plen\u00e1rio da C\u00e2mara aprovou, nesta sexta-feira (12), altera\u00e7\u00e3o na reforma da Previd\u00eancia aprovada, na quarta-feira (10), para reduzir os preju\u00edzos de professores em atividade. Com a medida, professoras poder\u00e3o se aposentar aos 52 anos, e professores, com 55 anos. O texto aprovado previa idades m\u00ednimas de 55 e 58 anos, respectivamente. L\u00edder do PDT,&#8230;<!-- AddThis Advanced Settings generic via filter on wp_trim_excerpt --><!-- AddThis Share Buttons generic via filter on wp_trim_excerpt --><\/p>\n","protected":false},"author":17,"featured_media":66884,"comment_status":"closed","ping_status":"closed","sticky":false,"template":"","format":"standard","meta":{"_monsterinsights_skip_tracking":false,"_monsterinsights_sitenote_active":false,"_monsterinsights_sitenote_note":"","_monsterinsights_sitenote_category":0,"_uf_show_specific_survey":0,"_uf_disable_surveys":false,"footnotes":""},"categories":[976],"tags":[],"class_list":["post-66867","post","type-post","status-publish","format-standard","has-post-thumbnail","hentry","category-noticias-em-destaque"],"acf":[],"_links":{"self":[{"href":"https:\/\/pdt-rj.org.br\/index.php\/wp-json\/wp\/v2\/posts\/66867","targetHints":{"allow":["GET"]}}],"collection":[{"href":"https:\/\/pdt-rj.org.br\/index.php\/wp-json\/wp\/v2\/posts"}],"about":[{"href":"https:\/\/pdt-rj.org.br\/index.php\/wp-json\/wp\/v2\/types\/post"}],"author":[{"embeddable":true,"href":"https:\/\/pdt-rj.org.br\/index.php\/wp-json\/wp\/v2\/users\/17"}],"replies":[{"embeddable":true,"href":"https:\/\/pdt-rj.org.br\/index.php\/wp-json\/wp\/v2\/comments?post=66867"}],"version-history":[{"count":3,"href":"https:\/\/pdt-rj.org.br\/index.php\/wp-json\/wp\/v2\/posts\/66867\/revisions"}],"predecessor-version":[{"id":66886,"href":"https:\/\/pdt-rj.org.br\/index.php\/wp-json\/wp\/v2\/posts\/66867\/revisions\/66886"}],"wp:featuredmedia":[{"embeddable":true,"href":"https:\/\/pdt-rj.org.br\/index.php\/wp-json\/wp\/v2\/media\/66884"}],"wp:attachment":[{"href":"https:\/\/pdt-rj.org.br\/index.php\/wp-json\/wp\/v2\/media?parent=66867"}],"wp:term":[{"taxonomy":"category","embeddable":true,"href":"https:\/\/pdt-rj.org.br\/index.php\/wp-json\/wp\/v2\/categories?post=66867"},{"taxonomy":"post_tag","embeddable":true,"href":"https:\/\/pdt-rj.org.br\/index.php\/wp-json\/wp\/v2\/tags?post=66867"}],"curies":[{"name":"wp","href":"https:\/\/api.w.org\/{rel}","templated":true}]}}