{"id":66850,"date":"2019-07-12T17:26:54","date_gmt":"2019-07-12T20:26:54","guid":{"rendered":"http:\/\/pdt-rj.org.br\/?p=66850"},"modified":"2019-07-20T11:51:02","modified_gmt":"2019-07-20T14:51:02","slug":"ciro-gomes-apresenta-dados-que-demonstram-a-estagnacao-da-economia-brasileira","status":"publish","type":"post","link":"https:\/\/pdt-rj.org.br\/index.php\/ciro-gomes-apresenta-dados-que-demonstram-a-estagnacao-da-economia-brasileira\/","title":{"rendered":"Ciro Gomes apresenta dados que demonstram a estagna\u00e7\u00e3o da economia brasileira"},"content":{"rendered":"<p>O vice-presidente Nacional do PDT Ciro Gomes apresentou, nesta quinta-feira (11), em Porto Alegre, um balan\u00e7o dos seis primeiros meses do governo Bolsonaro que demonstram a estagna\u00e7\u00e3o da economia brasileira. O encontro aconteceu no Plen\u00e1rio Ana Terra, na C\u00e2mara Municipal da Capital ga\u00facha, sob a coordena\u00e7\u00e3o do presidente do Diret\u00f3rio Metropolitano, vereador Mauro Zacher, com a presen\u00e7a do presidente regional e deputado federal Pompeo de Mattos e outras lideran\u00e7as pedetistas. militantes e simpatizantes do trabalhismo.<\/p>\n<p>Os dados apresentados por Ciro comp\u00f5em o levantamento feito pelo Observat\u00f3rio Trabalhista, ferramenta participativa criada para acompanhar os principais indicadores econ\u00f4micos, da evolu\u00e7\u00e3o da d\u00edvida p\u00fablica, investimentos em sa\u00fade, educa\u00e7\u00e3o etc. Durante suas explica\u00e7\u00f5es, buscou se posicionar fora da polariza\u00e7\u00e3o entre petistas e bolsonaristas. &#8220;N\u00e3o podemos deixar as paix\u00f5es separarem o Brasil entre petralhas e bolsominions&#8221;. <\/p>\n<p>&#8220;Para o petralha, o que os outros fizeram n\u00e3o presta e os erros que cometeram n\u00e3o interessam. Para o bolsominion, o presidente pode dizer o que quiser, fazer as maiores aberra\u00e7\u00f5es, abrir m\u00e3o do status de na\u00e7\u00e3o em desenvolvimento sem consultar ningu\u00e9m, mesmo que destrua as possibilidades de o Brasil administrar uma pol\u00edtica de desenvolvimento econ\u00f4mico&#8221;, disse Ciro.<\/p>\n<p>Para Ciro Gomes, o Brasil termina a sua pior d\u00e9cada em mat\u00e9ria de desenvolvimento econ\u00f4mico, dos \u00faltimos 120 anos. Para uma plateia lotada e atenta, ele mostrou o esfor\u00e7o de arrecada\u00e7\u00e3o do Governo, mas ressaltou que, de acordo com os n\u00fameros, a receita l\u00edquida \u2013 a soma da receita total menos a d\u00edvida, os juros \u2013 apresenta uma paralisa\u00e7\u00e3o, em compara\u00e7\u00e3o com o mesmo per\u00edodo de 2018, \u201co que \u00e9 um sintoma de que economia est\u00e1 parada, porque n\u00e3o h\u00e1 evolu\u00e7\u00e3o\u201d, observou.<\/p>\n<p>Nas despesas do Governo central, segundo Ciro, \u00e9 onde se anuncia a trag\u00e9dia. A \u00e1rea de investimento \u00e9 a menor, desde o per\u00edodo da 2\u00aa guerra mundial. <\/p>\n<p>\u201cO Brasil est\u00e1 deprimindo investimento sem precedentes\u201d, lamentou Ciro. O pedetista mostrou, por exemplo, a quest\u00e3o da infraestrutura, com 24 mil obras paradas em todo o Pa\u00eds, e a \u00e1rea da educa\u00e7\u00e3o, cuja queda nos investimentos come\u00e7ou e cair em 2014, e continua a se agravar. Um dos poucos indicadores positivos apresentados por Ciro foi o da queda de mortes violentas, que, segundo ele, especialistas ainda avaliam quais seriam as raz\u00f5es efetivas para a queda dos n\u00fameros. Os dados completos podem ser acessados no link a seguir: http:\/\/bit.ly\/2LhIszx<\/p>\n<p><strong>Previd\u00eancia<\/strong><\/p>\n<p>Ciro disse ter ficado mal com a decis\u00e3o, mesmo que tenha sido legitimada pelo voto de 347 deputados, de aprova\u00e7\u00e3o da Reforma da Previd\u00eancia. <\/p>\n<p>\u201cTive vontade de cancelar minha agenda e me recolher para pensar sobre tudo isso, mas diante da oportunidade de falar, principalmente para os jovens, que \u00e9 algo que me revigora, aqui estou, disse logo ap\u00f3s ter sido elogiado por uma militante acompanhada da filha de 14 anos, f\u00e3 do ex-governador. Ciro disse que logo \u201ca ressaca vir\u00e1, porque quando a Reforma passar em segundo turno, no Senado, e for sancionada, os brasileiros que est\u00e3o caindo na onda da grande m\u00eddia, que defende os interesses dos bancos e de grandes investidores internacionais, v\u00e3o verificar que nada acontecer\u00e1\u201d, disse.<\/p>\n<p>Ao responder perguntas de jornalistas e do p\u00fablico presente falou, tamb\u00e9m, sobre a indisciplina dos oito deputados federais que votaram pela aprova\u00e7\u00e3o da Reforma, contrariando decis\u00e3o do Diret\u00f3rio Nacional, que havia fechado quest\u00e3o contra o projeto. Afirmou estar particularmente \u201cdecepcionado\u201d com a posi\u00e7\u00e3o da deputada Tabata Amaral (PDT-SP). <\/p>\n<p>&#8220;Para mim, neste momento, ainda estou com aquele sofrimento que no verso de Djavan fala em &#8216;desgosto de filha&#8217; e esse sentimento n\u00e3o \u00e9 bom conselheiro para provid\u00eancias que devemos tomar&#8221;, disse Ciro, que participou de diversos atos de campanha ao lado de Tabata durante a elei\u00e7\u00e3o do ano passado. <\/p>\n<p>\u201cEles deveriam sair do partido porque esse n\u00e3o \u00e9 um \u201cpecadilho desculp\u00e1vel\u201d. O ex-governador cearense reconhece que a deputada tem 25 anos, \u201cuma idade em que as pessoas podem errar\u201d, mas ressaltou que nesse caso o erro vai contra a melhor tradi\u00e7\u00e3o do trabalhismo brasileiro e contra o povo mais pobre. \u201cN\u00f3s somos do partido de Get\u00falio Vargas, que criou o sistema de previd\u00eancia no Brasil. \u00c9 um erro que n\u00e3o pode passar impune&#8221;, afirmou.<\/p>\n<p>Ciro destacou que agora a situa\u00e7\u00e3o ser\u00e1 examinada pelo Diret\u00f3rio Nacional, dentro dos ritos estatut\u00e1rios do partido, a partir de procedimentos j\u00e1 apresentados \u00e0 Comiss\u00e3o de \u00c9tica. <\/p>\n<p>\u201cA Executiva do PDT Nacional deve se reunir na pr\u00f3xima quarta para examinar as representa\u00e7\u00f5es contra os oito dissidentes e, a partir da\u00ed os deputados ser\u00e3o notificados para que tenham prazo de defesa e ser\u00e1 a Comiss\u00e3o de \u00c9tica que votar\u00e1 um parecer final, que pode indicar a suspens\u00e3o, advert\u00eancia oral, escrita e at\u00e9 mesmo a expuls\u00e3o do partido\u201d, explicou.<\/p>\n<p><strong>Vaza Jato<\/strong><\/p>\n<p>Questionado sobre os vazamentos de \u00e1udios entre o ministro Sergio Moro (Justi\u00e7a e Seguran\u00e7a P\u00fablica) e procuradores que integram a Lava Jato, em especial Deltan Dallagnol, divulgados pelo site The Intercept, Ciro Gomes fez diversas cr\u00edticas ao ex-juiz federal. <\/p>\n<p>&#8220;O Sergio Moro nunca foi um magistrado, ele \u00e9 um politiqueiro com um comportamento acanalhado e que fez a sua ambi\u00e7\u00e3o pessoal de poder acima de qualquer juramento da Lei Processual do C\u00f3digo de \u00c9tica da magistratura. O ex-presidente Lula realmente chafurdou na corrup\u00e7\u00e3o com seus colegas, isso eu n\u00e3o tenho a menor d\u00favida, por\u00e9m at\u00e9 o pior bandido tem direito a um julgamento severo, dentro das leis, e o que o juiz S\u00e9rgio Moro fez? Plantou nulidades&#8221;, declarou Ciro.<\/p>\n<p>Para Ciro, &#8220;S\u00e9rgio Moro nunca foi um magistrado, sempre foi um politiqueiro, com um comportamento acanalhado que p\u00f4s sua ambi\u00e7\u00e3o pessoal acima da lei processual ou do C\u00f3digo de \u00c9tica da Magistratura&#8221;, disparou, ao lembrar que foi professor de Direito Constitucional. Para ele, em uma situa\u00e7\u00e3o normal, os processos julgados por Moro &#8211; que hoje \u00e9 ministro da Justi\u00e7a do governo Jair Bolsonaro (PSL) &#8211; v\u00e3o acabar por ser anulados. &#8220;Diz a lei que \u00e9 suspeito o juiz que aconselhar uma das partes. \u00c9 evidente que o juiz Moro n\u00e3o s\u00f3 estava aconselhando, como estava liderando o minist\u00e9rio p\u00fablico. Com isso, cai no caso de suspei\u00e7\u00e3o.<\/p>\n<p>Se a suspei\u00e7\u00e3o for declarada, como acredito que ser\u00e1, todos os atos que ele presidiu ser\u00e3o nulos. N\u00e3o importa que o TRF-4 (Tribunal Regional Federal da 4\u00aa Regi\u00e3o) aqui de Porto Alegre tenha confirmado a senten\u00e7a, porque o ato n\u00e3o \u00e9 anul\u00e1vel; \u00e9 nulo desde a origem&#8221;, analisou. E lamentou: &#8220;Se tem um brasileiro que sabe que o (ex-presidente Luiz In\u00e1cio) Lula (da Silva, PT) \u00e9 culpado, sou eu. Mas o mais grave n\u00e3o vai ser a soltura do Lula. Vai ser a do Geddel Vieira Lima (MDB), apanhado com R$ 51 milh\u00f5es em malas no seu apartamento em Salvador; do Eduardo Cunha, ex-presidente da C\u00e2mara dos Deputados; e do Palocci, r\u00e9u confesso de roubar R$ 100 milh\u00f5es do povo brasileiro, como ministro do Lula. Enfim, s\u00e3o 120 pessoas apenadas. Ent\u00e3o, veja que trag\u00e9dia \u00e9 um juiz n\u00e3o se comportar&#8221;.<\/p>\n<p><strong>Elei\u00e7\u00e3o 2022<\/strong><\/p>\n<p>Durante o evento Ciro disse que segue sua peregrina\u00e7\u00e3o pelo pa\u00eds para demonstrar ao maior n\u00famero de pessoas que \u00e9 pela pol\u00edtica o caminho para as mudan\u00e7as que o Brasil precisa. Disse que \u00e9 um soldado do partido pronto para as miss\u00f5es que lhe forem determinadas. Na presen\u00e7a de diversas lideran\u00e7as pedetistas, entre elas o ex-presidente regional e ex-prefeito de Os\u00f3rio, Romildo Bolzan Jr., e estimulado por manifesta\u00e7\u00f5es da plen\u00e1ria em defesa do nome do atual presidente do Gr\u00eamio para a sucess\u00e3o estadual em 2022, Ciro disse que vem ao Rio Grande do Sul para distribuir panfletos se ele for candidato ao Piratini. O ex-governador do Cear\u00e1 elogiou a habilidade de gest\u00e3o de Bolzan \u00e0 frente do clube e concluiu: &#8220;O que quero dizer \u00e9 que \u00e9 um excelente gestor&#8221;.<\/p>\n<!-- AddThis Advanced Settings generic via filter on the_content --><!-- AddThis Share Buttons generic via filter on the_content -->","protected":false},"excerpt":{"rendered":"<p>O vice-presidente Nacional do PDT Ciro Gomes apresentou, nesta quinta-feira (11), em Porto Alegre, um balan\u00e7o dos seis primeiros meses do governo Bolsonaro que demonstram a estagna\u00e7\u00e3o da economia brasileira. O encontro aconteceu no Plen\u00e1rio Ana Terra, na C\u00e2mara Municipal da Capital ga\u00facha, sob a coordena\u00e7\u00e3o do presidente do Diret\u00f3rio Metropolitano, vereador Mauro Zacher, com&#8230;<!-- AddThis Advanced Settings generic via filter on wp_trim_excerpt --><!-- AddThis Share Buttons generic via filter on wp_trim_excerpt --><\/p>\n","protected":false},"author":17,"featured_media":66851,"comment_status":"closed","ping_status":"closed","sticky":false,"template":"","format":"standard","meta":{"_monsterinsights_skip_tracking":false,"_monsterinsights_sitenote_active":false,"_monsterinsights_sitenote_note":"","_monsterinsights_sitenote_category":0,"_uf_show_specific_survey":0,"_uf_disable_surveys":false,"footnotes":""},"categories":[976],"tags":[],"class_list":["post-66850","post","type-post","status-publish","format-standard","has-post-thumbnail","hentry","category-noticias-em-destaque"],"acf":[],"_links":{"self":[{"href":"https:\/\/pdt-rj.org.br\/index.php\/wp-json\/wp\/v2\/posts\/66850","targetHints":{"allow":["GET"]}}],"collection":[{"href":"https:\/\/pdt-rj.org.br\/index.php\/wp-json\/wp\/v2\/posts"}],"about":[{"href":"https:\/\/pdt-rj.org.br\/index.php\/wp-json\/wp\/v2\/types\/post"}],"author":[{"embeddable":true,"href":"https:\/\/pdt-rj.org.br\/index.php\/wp-json\/wp\/v2\/users\/17"}],"replies":[{"embeddable":true,"href":"https:\/\/pdt-rj.org.br\/index.php\/wp-json\/wp\/v2\/comments?post=66850"}],"version-history":[{"count":2,"href":"https:\/\/pdt-rj.org.br\/index.php\/wp-json\/wp\/v2\/posts\/66850\/revisions"}],"predecessor-version":[{"id":66854,"href":"https:\/\/pdt-rj.org.br\/index.php\/wp-json\/wp\/v2\/posts\/66850\/revisions\/66854"}],"wp:featuredmedia":[{"embeddable":true,"href":"https:\/\/pdt-rj.org.br\/index.php\/wp-json\/wp\/v2\/media\/66851"}],"wp:attachment":[{"href":"https:\/\/pdt-rj.org.br\/index.php\/wp-json\/wp\/v2\/media?parent=66850"}],"wp:term":[{"taxonomy":"category","embeddable":true,"href":"https:\/\/pdt-rj.org.br\/index.php\/wp-json\/wp\/v2\/categories?post=66850"},{"taxonomy":"post_tag","embeddable":true,"href":"https:\/\/pdt-rj.org.br\/index.php\/wp-json\/wp\/v2\/tags?post=66850"}],"curies":[{"name":"wp","href":"https:\/\/api.w.org\/{rel}","templated":true}]}}