{"id":66837,"date":"2019-07-12T12:55:54","date_gmt":"2019-07-12T15:55:54","guid":{"rendered":"http:\/\/pdt-rj.org.br\/?p=66837"},"modified":"2019-07-12T12:55:55","modified_gmt":"2019-07-12T15:55:55","slug":"lupi-reune-executiva-movimentos-e-comissao-de-etica-do-pdt-em-brasilia","status":"publish","type":"post","link":"https:\/\/pdt-rj.org.br\/index.php\/lupi-reune-executiva-movimentos-e-comissao-de-etica-do-pdt-em-brasilia\/","title":{"rendered":"Lupi re\u00fane Executiva, Movimentos e Comiss\u00e3o de \u00c9tica do PDT em Bras\u00edlia"},"content":{"rendered":"<p>O presidente Nacional do PDT, Carlos Lupi, marcou para a pr\u00f3xima quarta-feira (17 de julho), em Bras\u00edlia, uma reuni\u00e3o conjunta da Executiva Nacional, movimentos partid\u00e1rios e Comiss\u00e3o de \u00c9tica. Na pauta, balan\u00e7o do resultado da vota\u00e7\u00e3o da Reforma da Previd\u00eancia, conjuntura nacional e in\u00edcio de an\u00e1lise dos casos dos deputados que n\u00e3o seguiram a orienta\u00e7\u00e3o partid\u00e1ria na referida vota\u00e7\u00e3o. <a href=\"https:\/\/youtu.be\/Dx-Vk4hziLM\">Decis\u00e3o de mar\u00e7o, do Diret\u00f3rio Nacional, havia fechado quest\u00e3o contra a reforma, por unanimidade<\/a>.<\/p>\n<p>De acordo com Lupi, qualquer decis\u00e3o sobre puni\u00e7\u00e3o de parlamentares seguir\u00e1 o rito estatut\u00e1rio do partido. Pelo estatuto,  a Comiss\u00e3o de \u00c9tica nacional se re\u00fane para analisar os casos; em seguida abre-se prazo para defesa dos citados; ap\u00f3s este passo, um relat\u00f3rio \u00e9 preparado pela Comiss\u00e3o que por sua vez apresenta \u00e0 Executiva Nacional. No final, o \u00e9 apresentado ao Diret\u00f3rio Nacional do PDT \u2013 respons\u00e1vel pela decis\u00e3o final.<\/p>\n<p>\u201cVamos seguir o Estatuto do partido. Semana que vem j\u00e1 convoquei uma reuni\u00e3o conjunta entre Comiss\u00e3o de \u00c9tica e Executiva Nacional, al\u00e9m dos movimentos  para iniciar o processo\u201d, explicou Lupi. <\/p>\n<p>O encontro vai acontecer na sede nacional do PDT, no pr\u00f3ximo dia 17, a partir das 10 horas.<\/p>\n<!-- AddThis Advanced Settings generic via filter on the_content --><!-- AddThis Share Buttons generic via filter on the_content -->","protected":false},"excerpt":{"rendered":"<p>O presidente Nacional do PDT, Carlos Lupi, marcou para a pr\u00f3xima quarta-feira (17 de julho), em Bras\u00edlia, uma reuni\u00e3o conjunta da Executiva Nacional, movimentos partid\u00e1rios e Comiss\u00e3o de \u00c9tica. Na pauta, balan\u00e7o do resultado da vota\u00e7\u00e3o da Reforma da Previd\u00eancia, conjuntura nacional e in\u00edcio de an\u00e1lise dos casos dos deputados que n\u00e3o seguiram a orienta\u00e7\u00e3o&#8230;<!-- AddThis Advanced Settings generic via filter on wp_trim_excerpt --><!-- AddThis Share Buttons generic via filter on wp_trim_excerpt --><\/p>\n","protected":false},"author":17,"featured_media":66838,"comment_status":"closed","ping_status":"closed","sticky":false,"template":"","format":"standard","meta":{"_monsterinsights_skip_tracking":false,"_monsterinsights_sitenote_active":false,"_monsterinsights_sitenote_note":"","_monsterinsights_sitenote_category":0,"_uf_show_specific_survey":0,"_uf_disable_surveys":false,"footnotes":""},"categories":[975],"tags":[],"class_list":["post-66837","post","type-post","status-publish","format-standard","has-post-thumbnail","hentry","category-manchete"],"acf":[],"_links":{"self":[{"href":"https:\/\/pdt-rj.org.br\/index.php\/wp-json\/wp\/v2\/posts\/66837","targetHints":{"allow":["GET"]}}],"collection":[{"href":"https:\/\/pdt-rj.org.br\/index.php\/wp-json\/wp\/v2\/posts"}],"about":[{"href":"https:\/\/pdt-rj.org.br\/index.php\/wp-json\/wp\/v2\/types\/post"}],"author":[{"embeddable":true,"href":"https:\/\/pdt-rj.org.br\/index.php\/wp-json\/wp\/v2\/users\/17"}],"replies":[{"embeddable":true,"href":"https:\/\/pdt-rj.org.br\/index.php\/wp-json\/wp\/v2\/comments?post=66837"}],"version-history":[{"count":2,"href":"https:\/\/pdt-rj.org.br\/index.php\/wp-json\/wp\/v2\/posts\/66837\/revisions"}],"predecessor-version":[{"id":66840,"href":"https:\/\/pdt-rj.org.br\/index.php\/wp-json\/wp\/v2\/posts\/66837\/revisions\/66840"}],"wp:featuredmedia":[{"embeddable":true,"href":"https:\/\/pdt-rj.org.br\/index.php\/wp-json\/wp\/v2\/media\/66838"}],"wp:attachment":[{"href":"https:\/\/pdt-rj.org.br\/index.php\/wp-json\/wp\/v2\/media?parent=66837"}],"wp:term":[{"taxonomy":"category","embeddable":true,"href":"https:\/\/pdt-rj.org.br\/index.php\/wp-json\/wp\/v2\/categories?post=66837"},{"taxonomy":"post_tag","embeddable":true,"href":"https:\/\/pdt-rj.org.br\/index.php\/wp-json\/wp\/v2\/tags?post=66837"}],"curies":[{"name":"wp","href":"https:\/\/api.w.org\/{rel}","templated":true}]}}