{"id":66827,"date":"2019-07-10T10:47:24","date_gmt":"2019-07-10T13:47:24","guid":{"rendered":"http:\/\/pdt-rj.org.br\/?p=66827"},"modified":"2019-07-12T19:39:30","modified_gmt":"2019-07-12T22:39:30","slug":"js-volta-ao-congresso-nacional-da-uniao-dos-estudantes-com-a-maior-bancada-em-20-anos","status":"publish","type":"post","link":"https:\/\/pdt-rj.org.br\/index.php\/js-volta-ao-congresso-nacional-da-uniao-dos-estudantes-com-a-maior-bancada-em-20-anos\/","title":{"rendered":"JS volta ao Congresso Nacional da Uni\u00e3o dos Estudantes com a maior bancada em 20 anos"},"content":{"rendered":"<p>Ap\u00f3s boicote pol\u00edtico nos \u00faltimos dois anos, a Juventude Socialista volta a participar do Congresso Nacional da Uni\u00e3o Nacional dos Estudantes (Conune) com a maior bancada em 20 anos. Ser\u00e3o 420 delegados, constituindo-se a quarta maior for\u00e7a nesta 57\u00aa edi\u00e7\u00e3o do evento que acontece em Bras\u00edlia. Parte deste contingente saiu ontem (10), do Rio de Janeiro, em uma caravana composta por militantes da JS carioca.<\/p>\n<p> Para Vitor Straub, Coordenador Estadual do Movimento Reinventar, o momento \u00e9 de muita emo\u00e7\u00e3o porque o projeto trabalhista ganhou for\u00e7a em todo o Brasil.<\/p>\n<p>\u201cA UNE tem a nossa g\u00eanesis, uma parte desse \u2018DNA\u2019 \u00e9 nosso por conte do presidente Get\u00falio Vargas que, em 1937, ajudou na funda\u00e7\u00e3o, sendo escolhido patrono oficial. Voltamos com a maior bancada em 20 anos. E este resultado foi gra\u00e7as ao Projeto Nacional de Desenvolvimento que ganhou a sociedade pelas m\u00e3os nosso companheiro e porta voz trabalhista, Ciro Gomes.\u201d<\/p>\n<p>\u201cO Reinventar vai do Amap\u00e1 aos Pampas Ga\u00facho, de Goi\u00e1s at\u00e9 Cear\u00e1. Hoje poucas entidades podem dizer que est\u00e3o organizados nacionalmente de norte a sul, de leste a oeste. Os Trabalhistas voltaram\u201d, vibra Straub. <\/p>\n<p>O Congresso da UNE tem estimativa de receber, pelo menos, 12 mil estudantes de todos os estados at\u00e9 domingo e ir\u00e1 contar com v\u00e1rias atividades, como atos pol\u00edticos, debates, grupos de discuss\u00e3o etc.<\/p>\n<!-- AddThis Advanced Settings generic via filter on the_content --><!-- AddThis Share Buttons generic via filter on the_content -->","protected":false},"excerpt":{"rendered":"<p>Ap\u00f3s boicote pol\u00edtico nos \u00faltimos dois anos, a Juventude Socialista volta a participar do Congresso Nacional da Uni\u00e3o Nacional dos Estudantes (Conune) com a maior bancada em 20 anos. Ser\u00e3o 420 delegados, constituindo-se a quarta maior for\u00e7a nesta 57\u00aa edi\u00e7\u00e3o do evento que acontece em Bras\u00edlia. Parte deste contingente saiu ontem (10), do Rio de&#8230;<!-- AddThis Advanced Settings generic via filter on wp_trim_excerpt --><!-- AddThis Share Buttons generic via filter on wp_trim_excerpt --><\/p>\n","protected":false},"author":17,"featured_media":66830,"comment_status":"closed","ping_status":"closed","sticky":false,"template":"","format":"standard","meta":{"_monsterinsights_skip_tracking":false,"_monsterinsights_sitenote_active":false,"_monsterinsights_sitenote_note":"","_monsterinsights_sitenote_category":0,"_uf_show_specific_survey":0,"_uf_disable_surveys":false,"footnotes":""},"categories":[1390],"tags":[],"class_list":["post-66827","post","type-post","status-publish","format-standard","has-post-thumbnail","hentry","category-editorias"],"acf":[],"_links":{"self":[{"href":"https:\/\/pdt-rj.org.br\/index.php\/wp-json\/wp\/v2\/posts\/66827","targetHints":{"allow":["GET"]}}],"collection":[{"href":"https:\/\/pdt-rj.org.br\/index.php\/wp-json\/wp\/v2\/posts"}],"about":[{"href":"https:\/\/pdt-rj.org.br\/index.php\/wp-json\/wp\/v2\/types\/post"}],"author":[{"embeddable":true,"href":"https:\/\/pdt-rj.org.br\/index.php\/wp-json\/wp\/v2\/users\/17"}],"replies":[{"embeddable":true,"href":"https:\/\/pdt-rj.org.br\/index.php\/wp-json\/wp\/v2\/comments?post=66827"}],"version-history":[{"count":5,"href":"https:\/\/pdt-rj.org.br\/index.php\/wp-json\/wp\/v2\/posts\/66827\/revisions"}],"predecessor-version":[{"id":66882,"href":"https:\/\/pdt-rj.org.br\/index.php\/wp-json\/wp\/v2\/posts\/66827\/revisions\/66882"}],"wp:featuredmedia":[{"embeddable":true,"href":"https:\/\/pdt-rj.org.br\/index.php\/wp-json\/wp\/v2\/media\/66830"}],"wp:attachment":[{"href":"https:\/\/pdt-rj.org.br\/index.php\/wp-json\/wp\/v2\/media?parent=66827"}],"wp:term":[{"taxonomy":"category","embeddable":true,"href":"https:\/\/pdt-rj.org.br\/index.php\/wp-json\/wp\/v2\/categories?post=66827"},{"taxonomy":"post_tag","embeddable":true,"href":"https:\/\/pdt-rj.org.br\/index.php\/wp-json\/wp\/v2\/tags?post=66827"}],"curies":[{"name":"wp","href":"https:\/\/api.w.org\/{rel}","templated":true}]}}