{"id":66819,"date":"2019-07-11T14:05:20","date_gmt":"2019-07-11T17:05:20","guid":{"rendered":"http:\/\/pdt-rj.org.br\/?p=66819"},"modified":"2019-07-11T14:07:28","modified_gmt":"2019-07-11T17:07:28","slug":"tulio-gadelha-entra-com-acoes-contra-bolsonaro-e-ministro-da-saude-por-violacao-a-ldo-e-desvio-de-finalidade","status":"publish","type":"post","link":"https:\/\/pdt-rj.org.br\/index.php\/tulio-gadelha-entra-com-acoes-contra-bolsonaro-e-ministro-da-saude-por-violacao-a-ldo-e-desvio-de-finalidade\/","title":{"rendered":"T\u00falio Gad\u00ealha entra com a\u00e7\u00f5es contra Bolsonaro e ministro da Sa\u00fade por viola\u00e7\u00e3o \u00e0 LDO e desvio de finalidade"},"content":{"rendered":"<p>O deputado federal T\u00falio Gad\u00ealha (PDT-PE) entrou, na noite desta quarta-feira (10), com uma a\u00e7\u00e3o popular com pedido de tutela de urg\u00eancia contra o presidente Jair Bolsonaro (PSL) na justi\u00e7a federal. O texto aponta viola\u00e7\u00e3o dos princ\u00edpios constitucionais da administra\u00e7\u00e3o p\u00fablica. Al\u00e9m disso, o deputado tamb\u00e9m apresentou um mandado de seguran\u00e7a com pedido de liminar contra o ministro da Sa\u00fade, Luiz Henrique Mandetta, pela libera\u00e7\u00e3o de recursos p\u00fablicos pela aprova\u00e7\u00e3o da Proposta de Emenda \u00e0 Constitui\u00e7\u00e3o (PEC) 06\/2019 (Reforma da Previd\u00eancia). <\/p>\n<p>Os dois teriam violado a Lei de Diretrizes Or\u00e7ament\u00e1rias (LDO) ao liberar mais de R$ 1 bilh\u00e3o em emendas parlamentares \u00e0s v\u00e9speras da vota\u00e7\u00e3o da PEC 06\/19, sendo que R$ 400 milh\u00f5es sem autoriza\u00e7\u00e3o legislativa. Mandetta, inclusive, confirmou que a libera\u00e7\u00e3o de recursos se tratou de \u201cum esfor\u00e7o\u201d pela aprova\u00e7\u00e3o da reforma da Previd\u00eancia, o que configura desvio de finalidade.<\/p>\n<p>Segundo o Artigo 142, da LDO 2019, a execu\u00e7\u00e3o da Lei Or\u00e7ament\u00e1ria de 2019 e dos cr\u00e9ditos adicionais obedecer\u00e1 aos princ\u00edpios constitucionais da legalidade, impessoalidade, moralidade, publicidade e efici\u00eancia na administra\u00e7\u00e3o p\u00fablica federal, n\u00e3o podendo ser utilizada para influir na aprecia\u00e7\u00e3o de proposi\u00e7\u00f5es legislativas em tramita\u00e7\u00e3o no Congresso Nacional.<\/p>\n<p>\u201cLiberar emendas \u00e0s v\u00e9speras de vota\u00e7\u00f5es de interesse do governo \u00e9 imoral, viola os princ\u00edpios do interesse p\u00fablico e mostra a real face desta gest\u00e3o, que diz adotar novas pr\u00e1ticas pol\u00edticas, mas \u00e9 adepta do velho \u2018toma l\u00e1 d\u00e1 c\u00e1\u2019\u201d, declara Gad\u00ealha.<\/p>\n<p>Caso sejam aceitas as a\u00e7\u00f5es, as emendas empenhadas pelo governo n\u00e3o poder\u00e3o ser executadas. Al\u00e9m disso, uma das a\u00e7\u00f5es pede a suspens\u00e3o da tramita\u00e7\u00e3o da PEC 06\/19 at\u00e9 a decis\u00e3o definitiva.<\/p>\n<!-- AddThis Advanced Settings generic via filter on the_content --><!-- AddThis Share Buttons generic via filter on the_content -->","protected":false},"excerpt":{"rendered":"<p>O deputado federal T\u00falio Gad\u00ealha (PDT-PE) entrou, na noite desta quarta-feira (10), com uma a\u00e7\u00e3o popular com pedido de tutela de urg\u00eancia contra o presidente Jair Bolsonaro (PSL) na justi\u00e7a federal. O texto aponta viola\u00e7\u00e3o dos princ\u00edpios constitucionais da administra\u00e7\u00e3o p\u00fablica. Al\u00e9m disso, o deputado tamb\u00e9m apresentou um mandado de seguran\u00e7a com pedido de liminar&#8230;<!-- AddThis Advanced Settings generic via filter on wp_trim_excerpt --><!-- AddThis Share Buttons generic via filter on wp_trim_excerpt --><\/p>\n","protected":false},"author":17,"featured_media":66820,"comment_status":"closed","ping_status":"closed","sticky":false,"template":"","format":"standard","meta":{"_monsterinsights_skip_tracking":false,"_monsterinsights_sitenote_active":false,"_monsterinsights_sitenote_note":"","_monsterinsights_sitenote_category":0,"_uf_show_specific_survey":0,"_uf_disable_surveys":false,"footnotes":""},"categories":[1459,976],"tags":[],"class_list":["post-66819","post","type-post","status-publish","format-standard","has-post-thumbnail","hentry","category-congresso","category-noticias-em-destaque"],"acf":[],"_links":{"self":[{"href":"https:\/\/pdt-rj.org.br\/index.php\/wp-json\/wp\/v2\/posts\/66819","targetHints":{"allow":["GET"]}}],"collection":[{"href":"https:\/\/pdt-rj.org.br\/index.php\/wp-json\/wp\/v2\/posts"}],"about":[{"href":"https:\/\/pdt-rj.org.br\/index.php\/wp-json\/wp\/v2\/types\/post"}],"author":[{"embeddable":true,"href":"https:\/\/pdt-rj.org.br\/index.php\/wp-json\/wp\/v2\/users\/17"}],"replies":[{"embeddable":true,"href":"https:\/\/pdt-rj.org.br\/index.php\/wp-json\/wp\/v2\/comments?post=66819"}],"version-history":[{"count":3,"href":"https:\/\/pdt-rj.org.br\/index.php\/wp-json\/wp\/v2\/posts\/66819\/revisions"}],"predecessor-version":[{"id":66823,"href":"https:\/\/pdt-rj.org.br\/index.php\/wp-json\/wp\/v2\/posts\/66819\/revisions\/66823"}],"wp:featuredmedia":[{"embeddable":true,"href":"https:\/\/pdt-rj.org.br\/index.php\/wp-json\/wp\/v2\/media\/66820"}],"wp:attachment":[{"href":"https:\/\/pdt-rj.org.br\/index.php\/wp-json\/wp\/v2\/media?parent=66819"}],"wp:term":[{"taxonomy":"category","embeddable":true,"href":"https:\/\/pdt-rj.org.br\/index.php\/wp-json\/wp\/v2\/categories?post=66819"},{"taxonomy":"post_tag","embeddable":true,"href":"https:\/\/pdt-rj.org.br\/index.php\/wp-json\/wp\/v2\/tags?post=66819"}],"curies":[{"name":"wp","href":"https:\/\/api.w.org\/{rel}","templated":true}]}}