{"id":66813,"date":"2019-07-10T19:20:34","date_gmt":"2019-07-10T22:20:34","guid":{"rendered":"http:\/\/pdt-rj.org.br\/?p=66813"},"modified":"2019-07-12T19:40:58","modified_gmt":"2019-07-12T22:40:58","slug":"qual-e-o-interesse-dos-norte-americanos-na-lava-jato","status":"publish","type":"post","link":"https:\/\/pdt-rj.org.br\/index.php\/qual-e-o-interesse-dos-norte-americanos-na-lava-jato\/","title":{"rendered":"Qual \u00e9 o interesse dos norte-americanos na Lava Jato"},"content":{"rendered":"<p><em>The Intercept<\/em> est\u00e1 de parab\u00e9ns pelo show que foi este primeiro m\u00eas de divulga\u00e7\u00e3o das conversas que demonstram a real inten\u00e7\u00e3o e as pr\u00e1ticas do Ministro da Justi\u00e7a e de pelo menos boa parte dos procuradores da Lava Jato. Fica claro que se h\u00e1 algu\u00e9m que n\u00e3o respeita as institui\u00e7\u00f5es neste pa\u00eds, essa pessoa \u00e9 o pr\u00f3prio Ministro da Justi\u00e7a. Por isso, quando te disserem que o problema do pa\u00eds s\u00e3o as institui\u00e7\u00f5es, voc\u00ea pode at\u00e9 concordar, mas lembre-se; quem deveria comandar o resgate das institui\u00e7\u00f5es est\u00e1, j\u00e1 h\u00e1 muito, contribuindo para afund\u00e1-las.<\/p>\n<p>Al\u00e9m de parabenizar The Intercept, quero chamar a aten\u00e7\u00e3o para uma mat\u00e9ria da \u00c9poca desta semana, que se intitula &#8220;O bra\u00e7o americano da Lava Jato&#8221;. Nela foi entrevistado o embaixador dos EUA no Brasil at\u00e9 2013 e que posteriormente foi conselheiro do Departamento de Estado norte-americano. Vale a leitura. Fica claro que o interesse dos americanos na Lava Jato era dinamitar a Odebrecht porque ela estaria financiando governos de esquerda na America Latina (e n\u00e3o estou falando de Venezuela e Cuba, pois o pr\u00f3prio ex- embaixador teria afirmado que os EUA tinham interesse na aproxima\u00e7\u00e3o com esses dois pa\u00edses).<\/p>\n<p>Em certo ponto da mat\u00e9ria da Revista \u00c9poca, nota-se que o problema maior seria o projeto do Brasil de transformar o Mercosul em um mercado maior, sul-americano (certamente com for\u00e7a para negociar), ao contr\u00e1rio do que desejam os EUA, que \u00e9 a \u00c1rea de Livre Com\u00e9rcio das Am\u00e9ricas, tema que, ao que tudo parece, voltar\u00e1 \u00e0 pauta.<\/p>\n<p>No fundo, a preocupa\u00e7\u00e3o dos EUA \u00e9 com a nossa soberania e o papel que poder\u00edamos assumir geopoliticamente na America do Sul,  ainda mais com a explora\u00e7\u00e3o do pr\u00e9-sal. Essa \u00e9 a quest\u00e3o, e o combate \u00e0 corrup\u00e7\u00e3o &#8211; muito importante, concordo -, parece ser s\u00f3 o pretexto para essa estrat\u00e9gia. Afinal, se fosse essa a preocupa\u00e7\u00e3o principal, porque o Ministro da Justi\u00e7a n\u00e3o tinha interesse na dela\u00e7\u00e3o de Eduardo Cunha?<\/p>\n<p>A corrup\u00e7\u00e3o tem que ser combatida? Sim, sem d\u00f3. As empresas devem ser preservadas e os dirigentes penalizados? Sim, at\u00e9 para n\u00e3o perdermos os empregos e a expertise nacional na \u00e1rea, como estamos perdendo. Lula e o PT erraram? sem sombra de d\u00favidas, e muito; n\u00e3o os defendo e n\u00e3o os defenderei. Mas fica cada vez mais claro que os EUA est\u00e3o mesmo interessados n\u00e3o \u00e9 no combate \u00e0 corrup\u00e7\u00e3o ou na entrada de suas empresas no mercado de grandes obras &#8211; ambas explica\u00e7\u00f5es n\u00e3o faziam muito sentido para mim. Eles est\u00e3o preocupados mesmo \u00e9 em eliminar qualquer tentativa de defesa ou amplia\u00e7\u00e3o de nossa soberania nacional e comprar as empresas brasileiras que interessam a eles, como a Embraer e, aos poucos, partes da Petrobr\u00e1s, j\u00e1 que privatiz\u00e1-la \u00e9 muito dif\u00edcil. Ao apontar os erros do PT atrav\u00e9s da Lava Jato, buscam tamb\u00e9m colocar todos que defendem os interesses nacionais no mesmo saco, para enfraquecer os argumentos desses \u00faltimos. \u00c9 clar\u00edssima a estrat\u00e9gia, e mostraremos o tempo todo os problemas que a sua aceita\u00e7\u00e3o nos trar\u00e3o.<\/p>\n<!-- AddThis Advanced Settings generic via filter on the_content --><!-- AddThis Share Buttons generic via filter on the_content -->","protected":false},"excerpt":{"rendered":"<p>The Intercept est\u00e1 de parab\u00e9ns pelo show que foi este primeiro m\u00eas de divulga\u00e7\u00e3o das conversas que demonstram a real inten\u00e7\u00e3o e as pr\u00e1ticas do Ministro da Justi\u00e7a e de pelo menos boa parte dos procuradores da Lava Jato. Fica claro que se h\u00e1 algu\u00e9m que n\u00e3o respeita as institui\u00e7\u00f5es neste pa\u00eds, essa pessoa \u00e9&#8230;<!-- AddThis Advanced Settings generic via filter on wp_trim_excerpt --><!-- AddThis Share Buttons generic via filter on wp_trim_excerpt --><\/p>\n","protected":false},"author":17,"featured_media":66814,"comment_status":"closed","ping_status":"closed","sticky":false,"template":"","format":"standard","meta":{"_monsterinsights_skip_tracking":false,"_monsterinsights_sitenote_active":false,"_monsterinsights_sitenote_note":"","_monsterinsights_sitenote_category":0,"_uf_show_specific_survey":0,"_uf_disable_surveys":false,"footnotes":""},"categories":[1584,1390],"tags":[],"class_list":["post-66813","post","type-post","status-publish","format-standard","has-post-thumbnail","hentry","category-artigos","category-editorias"],"acf":[],"_links":{"self":[{"href":"https:\/\/pdt-rj.org.br\/index.php\/wp-json\/wp\/v2\/posts\/66813","targetHints":{"allow":["GET"]}}],"collection":[{"href":"https:\/\/pdt-rj.org.br\/index.php\/wp-json\/wp\/v2\/posts"}],"about":[{"href":"https:\/\/pdt-rj.org.br\/index.php\/wp-json\/wp\/v2\/types\/post"}],"author":[{"embeddable":true,"href":"https:\/\/pdt-rj.org.br\/index.php\/wp-json\/wp\/v2\/users\/17"}],"replies":[{"embeddable":true,"href":"https:\/\/pdt-rj.org.br\/index.php\/wp-json\/wp\/v2\/comments?post=66813"}],"version-history":[{"count":5,"href":"https:\/\/pdt-rj.org.br\/index.php\/wp-json\/wp\/v2\/posts\/66813\/revisions"}],"predecessor-version":[{"id":66866,"href":"https:\/\/pdt-rj.org.br\/index.php\/wp-json\/wp\/v2\/posts\/66813\/revisions\/66866"}],"wp:featuredmedia":[{"embeddable":true,"href":"https:\/\/pdt-rj.org.br\/index.php\/wp-json\/wp\/v2\/media\/66814"}],"wp:attachment":[{"href":"https:\/\/pdt-rj.org.br\/index.php\/wp-json\/wp\/v2\/media?parent=66813"}],"wp:term":[{"taxonomy":"category","embeddable":true,"href":"https:\/\/pdt-rj.org.br\/index.php\/wp-json\/wp\/v2\/categories?post=66813"},{"taxonomy":"post_tag","embeddable":true,"href":"https:\/\/pdt-rj.org.br\/index.php\/wp-json\/wp\/v2\/tags?post=66813"}],"curies":[{"name":"wp","href":"https:\/\/api.w.org\/{rel}","templated":true}]}}