{"id":66779,"date":"2019-07-10T13:07:17","date_gmt":"2019-07-10T16:07:17","guid":{"rendered":"http:\/\/pdt-rj.org.br\/?p=66779"},"modified":"2019-07-12T20:40:52","modified_gmt":"2019-07-12T23:40:52","slug":"entenda-por-que-a-reforma-da-previdencia-do-governo-e-prejudicial-para-o-brasil","status":"publish","type":"post","link":"https:\/\/pdt-rj.org.br\/index.php\/entenda-por-que-a-reforma-da-previdencia-do-governo-e-prejudicial-para-o-brasil\/","title":{"rendered":"Entenda por que a Reforma da Previd\u00eancia do governo \u00e9 prejudicial para o Brasil"},"content":{"rendered":"<p>Um documento preparado pela equipe t\u00e9cnica do PDT na C\u00e2mara dos Deputados demonstra, em n\u00fameros, porque a Reforma da Previd\u00eancia proposta pelo Governo \u00e9 prejudicial para os brasileiros. Trata-se de uma breve an\u00e1lise sobre os impactos negativos que a medida trar\u00e1, caso seja aprovada e implementada no Pa\u00eds.<\/p>\n<p>O documento revela que, al\u00e9m n\u00e3o combater privil\u00e9gios, a proposta aprofunda desigualdades e traz grandes perdas salariais para o trabalhador. De acordo com os dados analisados, as classes baixas e m\u00e9dias (da Classe E a Parte da Classe C) da popula\u00e7\u00e3o ser\u00e3o as mais prejudicadas, devido a tr\u00eas principais descontos, que implicar\u00e3o em uma redu\u00e7\u00e3o agressiva das aposentadorias e pens\u00f5es.<\/p>\n<p><a href=\"http:\/\/pdt-rj.org.br\/wp-content\/uploads\/2019\/07\/A-Reforma-proposta-n\u00e3o-combate-privil\u00e9gios-aprofunda-desigualdades-e-traz-grandes-perdas-salariais-para-o-Trabalhador.pdf\"><strong>Confira aqui a an\u00e1lise do PDT sobre a proposta de Reforma da Previd\u00eancia. <\/strong><\/a><\/p>\n<!-- AddThis Advanced Settings generic via filter on the_content --><!-- AddThis Share Buttons generic via filter on the_content -->","protected":false},"excerpt":{"rendered":"<p>Um documento preparado pela equipe t\u00e9cnica do PDT na C\u00e2mara dos Deputados demonstra, em n\u00fameros, porque a Reforma da Previd\u00eancia proposta pelo Governo \u00e9 prejudicial para os brasileiros. Trata-se de uma breve an\u00e1lise sobre os impactos negativos que a medida trar\u00e1, caso seja aprovada e implementada no Pa\u00eds. O documento revela que, al\u00e9m n\u00e3o combater&#8230;<!-- AddThis Advanced Settings generic via filter on wp_trim_excerpt --><!-- AddThis Share Buttons generic via filter on wp_trim_excerpt --><\/p>\n","protected":false},"author":17,"featured_media":66784,"comment_status":"closed","ping_status":"closed","sticky":false,"template":"","format":"standard","meta":{"_monsterinsights_skip_tracking":false,"_monsterinsights_sitenote_active":false,"_monsterinsights_sitenote_note":"","_monsterinsights_sitenote_category":0,"_uf_show_specific_survey":0,"_uf_disable_surveys":false,"footnotes":""},"categories":[1390,1401],"tags":[],"class_list":["post-66779","post","type-post","status-publish","format-standard","has-post-thumbnail","hentry","category-editorias","category-nacional"],"acf":[],"_links":{"self":[{"href":"https:\/\/pdt-rj.org.br\/index.php\/wp-json\/wp\/v2\/posts\/66779","targetHints":{"allow":["GET"]}}],"collection":[{"href":"https:\/\/pdt-rj.org.br\/index.php\/wp-json\/wp\/v2\/posts"}],"about":[{"href":"https:\/\/pdt-rj.org.br\/index.php\/wp-json\/wp\/v2\/types\/post"}],"author":[{"embeddable":true,"href":"https:\/\/pdt-rj.org.br\/index.php\/wp-json\/wp\/v2\/users\/17"}],"replies":[{"embeddable":true,"href":"https:\/\/pdt-rj.org.br\/index.php\/wp-json\/wp\/v2\/comments?post=66779"}],"version-history":[{"count":10,"href":"https:\/\/pdt-rj.org.br\/index.php\/wp-json\/wp\/v2\/posts\/66779\/revisions"}],"predecessor-version":[{"id":66902,"href":"https:\/\/pdt-rj.org.br\/index.php\/wp-json\/wp\/v2\/posts\/66779\/revisions\/66902"}],"wp:featuredmedia":[{"embeddable":true,"href":"https:\/\/pdt-rj.org.br\/index.php\/wp-json\/wp\/v2\/media\/66784"}],"wp:attachment":[{"href":"https:\/\/pdt-rj.org.br\/index.php\/wp-json\/wp\/v2\/media?parent=66779"}],"wp:term":[{"taxonomy":"category","embeddable":true,"href":"https:\/\/pdt-rj.org.br\/index.php\/wp-json\/wp\/v2\/categories?post=66779"},{"taxonomy":"post_tag","embeddable":true,"href":"https:\/\/pdt-rj.org.br\/index.php\/wp-json\/wp\/v2\/tags?post=66779"}],"curies":[{"name":"wp","href":"https:\/\/api.w.org\/{rel}","templated":true}]}}