{"id":66618,"date":"2019-07-03T18:33:48","date_gmt":"2019-07-03T21:33:48","guid":{"rendered":"http:\/\/pdt-rj.org.br\/?p=66618"},"modified":"2019-07-04T12:22:57","modified_gmt":"2019-07-04T15:22:57","slug":"pedetistas-ressaltam-a-trajetoria-de-leonel-brizola-em-sessao-de-homenagem","status":"publish","type":"post","link":"https:\/\/pdt-rj.org.br\/index.php\/pedetistas-ressaltam-a-trajetoria-de-leonel-brizola-em-sessao-de-homenagem\/","title":{"rendered":"Brizola \u00e9 homenageado em sess\u00e3o solene na C\u00e2mara dos Deputados"},"content":{"rendered":"<p>Em sess\u00e3o de homenagem ao fundador do PDT, Leonel Brizola, nesta quarta-feira (3), deputados pedetistas destacaram a import\u00e2ncia do l\u00edder trabalhista para a pol\u00edtica e a hist\u00f3ria brasileira. A solenidade lembrou os 15 anos do falecimento de Brizola, ocorrido em 21 de junho de 2004.<\/p>\n<p>Autor do requerimento para realiza\u00e7\u00e3o da homenagem, o deputado Pompeo de Mattos (PDT-RS), destacou que Brizola, \u201ctrabalhista sem deixar de ser socialista, sempre liderou as for\u00e7as progressistas na linha de frente\u201d. Pompeo disse ainda que o l\u00edder ga\u00facho deveria estar no livro dos recordes (<em>Guinness Book<\/em>) \u201cpelo investimento em educa\u00e7\u00e3o, que nenhum outro l\u00edder do mundo fez\u201d.<\/p>\n<p>O deputado Pompeu lembrou que a educa\u00e7\u00e3o sempre foi uma das principais bandeiras do l\u00edder pedetista. Quando governou o Rio de Janeiro, Brizola construiu os Centros Integrados de Educa\u00e7\u00e3o P\u00fablica (Cieps), escolas em tempo integral. Durante seu governo no Rio Grande do Sul, tamb\u00e9m investiu na constru\u00e7\u00e3o de&nbsp; mais de 6.300 escolas.<\/p>\n<p>O secret\u00e1rio-geral nacional do PDT e presidente da Funda\u00e7\u00e3o Leonel Brizola e Alberto Pasqualini, Manoel Dias, tamb\u00e9m destacou a import\u00e2ncia que o fundador do partido conferiu \u00e0 educa\u00e7\u00e3o. <\/p>\n<p>\u201cBrizola tinha uma f\u00e9 inabal\u00e1vel de que o povo brasileiro um dia vai conseguir fazer a grande revolu\u00e7\u00e3o, a revolu\u00e7\u00e3o que n\u00e3o se faz mais atrav\u00e9s das armas, mas atrav\u00e9s do conhecimento\u201d, disse.<\/p>\n<p>J\u00e1 a deputada pedetista S\u00edlvia Cristina (RO), ressaltou que, ao entrar para a pol\u00edtica, se inspirou na trajet\u00f3ria de Leonel Brizola. <\/p>\n<p>\u201cEu sempre disse que sou brizolista, mesmo antes de conhecer o estatuto do PDT\u201d, sublinhou. Em seguida, acrescentou \u201cBrizola \u00e9 um exemplo que nos permite dizer que esse Brasil vai mudar pela educa\u00e7\u00e3o, mas especialmente porque estamos ao lado das minorias, das pessoas que merecem ser ouvidas\u201d, asseverou.<\/p>\n<p>Tamb\u00e9m presente \u00e0 sess\u00e3o de homenagens, o deputado S\u00e9rgio Vidigal (PDT-ES) afirmou que a luta de Brizola em defesa dos trabalhadores, da educa\u00e7\u00e3o p\u00fablica de qualidade, da soberania nacional est\u00e1 viva em cada um dos brasileiros. \u201cN\u00f3s sabemos que Leonel Brizola vive! Vive nas nossas mem\u00f3rias, vive na nossa hist\u00f3ria.\u201d<\/p>\n<p><strong>Biografia \u2013 Brizola<\/strong><\/p>\n<p>Fundador do PDT, Leonel de Moura Brizola nasceu em 1922, em Carazinho, no Rio Grande do Sul, e faleceu no Rio de Janeiro, em 2004. Foi o \u00fanico pol\u00edtico brasileiro a governar dois estados diferentes: o Rio Grande do Sul e o Rio de Janeiro. Tamb\u00e9m foi prefeito de Porto Alegre, deputado estadual e deputado federal.<\/p>\n<p>Brizola teve participa\u00e7\u00e3o expressiva na luta contra a ditadura militar, tornando-se um dos protagonistas da hist\u00f3ria pol\u00edtica brasileira.<\/p>\n<p>Comandou a Campanha da Legalidade, em 1961, para barrar o plano dos militares, que pretendiam impedir o vice-presidente Jo\u00e3o Goulart de assumir a presid\u00eancia ap\u00f3s a ren\u00fancia de J\u00e2nio Quadros. Em defesa do povo brasileiro, Brizola, ent\u00e3o governador do Rio Grande do Sul, se entrincheirou no Pal\u00e1cio Piratini, de onde liderou o Movimento da Legalidade. Sua voz em defesa da Constitui\u00e7\u00e3o ecoou por todo o pa\u00eds e garantiu a posse de Jango em 7 de setembro de 1961.<\/p>\n<p>Ap\u00f3s o golpe de 1964, viveu no ex\u00edlio no Uruguai, nos Estados Unidos e em Portugal, voltando ao Brasil em 1979, com a Lei da Anistia. Foi candidato \u00e0 Presid\u00eancia da Rep\u00fablica por duas vezes (1989 e 1994) e candidato \u00e0 vice na chapa de Luiz In\u00e1cio Lula da Silva na elei\u00e7\u00e3o de 1998.<\/p>\n<p>A biografia de Brizola foi pautada pela luta em defesa da soberania nacional, dos direitos dos trabalhadores, do ensino de qualidade e da escola de tempo integral, sempre em prol da igualdade social.<\/p>\n<!-- AddThis Advanced Settings generic via filter on the_content --><!-- AddThis Share Buttons generic via filter on the_content -->","protected":false},"excerpt":{"rendered":"<p>Em sess\u00e3o de homenagem ao fundador do PDT, Leonel Brizola, nesta quarta-feira (3), deputados pedetistas destacaram a import\u00e2ncia do l\u00edder trabalhista para a pol\u00edtica e a hist\u00f3ria brasileira. A solenidade lembrou os 15 anos do falecimento de Brizola, ocorrido em 21 de junho de 2004. Autor do requerimento para realiza\u00e7\u00e3o da homenagem, o deputado Pompeo&#8230;<!-- AddThis Advanced Settings generic via filter on wp_trim_excerpt --><!-- AddThis Share Buttons generic via filter on wp_trim_excerpt --><\/p>\n","protected":false},"author":17,"featured_media":66631,"comment_status":"closed","ping_status":"closed","sticky":false,"template":"","format":"standard","meta":{"_monsterinsights_skip_tracking":false,"_monsterinsights_sitenote_active":false,"_monsterinsights_sitenote_note":"","_monsterinsights_sitenote_category":0,"_uf_show_specific_survey":0,"_uf_disable_surveys":false,"footnotes":""},"categories":[1459,975,1401],"tags":[],"class_list":["post-66618","post","type-post","status-publish","format-standard","has-post-thumbnail","hentry","category-congresso","category-manchete","category-nacional"],"acf":[],"_links":{"self":[{"href":"https:\/\/pdt-rj.org.br\/index.php\/wp-json\/wp\/v2\/posts\/66618","targetHints":{"allow":["GET"]}}],"collection":[{"href":"https:\/\/pdt-rj.org.br\/index.php\/wp-json\/wp\/v2\/posts"}],"about":[{"href":"https:\/\/pdt-rj.org.br\/index.php\/wp-json\/wp\/v2\/types\/post"}],"author":[{"embeddable":true,"href":"https:\/\/pdt-rj.org.br\/index.php\/wp-json\/wp\/v2\/users\/17"}],"replies":[{"embeddable":true,"href":"https:\/\/pdt-rj.org.br\/index.php\/wp-json\/wp\/v2\/comments?post=66618"}],"version-history":[{"count":14,"href":"https:\/\/pdt-rj.org.br\/index.php\/wp-json\/wp\/v2\/posts\/66618\/revisions"}],"predecessor-version":[{"id":66635,"href":"https:\/\/pdt-rj.org.br\/index.php\/wp-json\/wp\/v2\/posts\/66618\/revisions\/66635"}],"wp:featuredmedia":[{"embeddable":true,"href":"https:\/\/pdt-rj.org.br\/index.php\/wp-json\/wp\/v2\/media\/66631"}],"wp:attachment":[{"href":"https:\/\/pdt-rj.org.br\/index.php\/wp-json\/wp\/v2\/media?parent=66618"}],"wp:term":[{"taxonomy":"category","embeddable":true,"href":"https:\/\/pdt-rj.org.br\/index.php\/wp-json\/wp\/v2\/categories?post=66618"},{"taxonomy":"post_tag","embeddable":true,"href":"https:\/\/pdt-rj.org.br\/index.php\/wp-json\/wp\/v2\/tags?post=66618"}],"curies":[{"name":"wp","href":"https:\/\/api.w.org\/{rel}","templated":true}]}}