{"id":66569,"date":"2019-07-02T16:16:32","date_gmt":"2019-07-02T19:16:32","guid":{"rendered":"http:\/\/pdt-rj.org.br\/?p=66569"},"modified":"2019-07-04T18:21:30","modified_gmt":"2019-07-04T21:21:30","slug":"ciro-gomes-avalia-os-primeiros-180-dias-do-governo-bolsonaro","status":"publish","type":"post","link":"https:\/\/pdt-rj.org.br\/index.php\/ciro-gomes-avalia-os-primeiros-180-dias-do-governo-bolsonaro\/","title":{"rendered":"Ciro Gomes avalia os primeiros 180 dias do governo Bolsonaro"},"content":{"rendered":"<p>O vice-presidente Nacional do PDT Ciro Gomes apresentou, nesta ter\u00e7a-feira (2), um balan\u00e7o dos seis primeiros meses do governo Bolsonaro. O encontro aconteceu na sede nacional do PDT, em Bras\u00edlia, com a presen\u00e7a do presidente nacional do PDT, Carlos Lupi, e membros da bancada federal do partido, dentre eles, o l\u00edder do PDT na C\u00e2mara, deputado federal Andr\u00e9 Figueiredo.   <\/p>\n<p>Os dados apresentados por Ciro comp\u00f5e o levantamento feito pelo Observat\u00f3rio Trabalhista, ferramenta participativa criada para acompanhar os principais indicadores da economia e demais setores brasileiros.<\/p>\n<p>&#8220;N\u00f3s estamos terminando a pior d\u00e9cada, em mat\u00e9ria de desenvolvimento econ\u00f4mico, dos \u00faltimos 120 anos do Brasil&#8221;, avaliou Ciro, ao mostrar, logo em seguida, o esfor\u00e7o de arrecada\u00e7\u00e3o do Governo. De acordo com os n\u00fameros, a receita l\u00edquida  \u2013 a soma da receita total menos a d\u00edvida, os juros  \u2013  apresenta uma paralisa\u00e7\u00e3o, em compara\u00e7\u00e3o com o mesmo per\u00edodo de 2018, &#8220;o que \u00e9 um sintoma de que economia est\u00e1 parada, porque n\u00e3o h\u00e1 evolu\u00e7\u00e3o&#8221;, observou.<\/p>\n<p>Nas despesas do Governo central, segundo Ciro, \u00e9 onde se anuncia a trag\u00e9dia. A \u00e1rea de investimento \u00e9 a menor, desde o per\u00edodo da 2\u00aa guerra mundial. &#8220;O Brasil est\u00e1 deprimindo investimento sem precedentes&#8221;, lamentou Ciro.<\/p>\n<p>O pedetista mostrou, por exemplo, a quest\u00e3o da infraestrutura, com 24 mil obras paradas em todo o Pa\u00eds, e a \u00e1rea da educa\u00e7\u00e3o, cuja queda nos investimentos come\u00e7ou e cair em 2014, e continua a se agravar.<\/p>\n<figure class=\"wp-block-image\"><img loading=\"lazy\" decoding=\"async\" width=\"1024\" height=\"682\" src=\"http:\/\/pdt-rj.org.br\/wp-content\/uploads\/2019\/07\/WhatsApp-Image-2019-07-02-at-11.26.04-1024x682.jpeg\" alt=\"\" class=\"wp-image-66581\" srcset=\"https:\/\/pdt-rj.org.br\/wp-content\/uploads\/2019\/07\/WhatsApp-Image-2019-07-02-at-11.26.04.jpeg 1024w, https:\/\/pdt-rj.org.br\/wp-content\/uploads\/2019\/07\/WhatsApp-Image-2019-07-02-at-11.26.04-100x67.jpeg 100w, https:\/\/pdt-rj.org.br\/wp-content\/uploads\/2019\/07\/WhatsApp-Image-2019-07-02-at-11.26.04-300x200.jpeg 300w, https:\/\/pdt-rj.org.br\/wp-content\/uploads\/2019\/07\/WhatsApp-Image-2019-07-02-at-11.26.04-768x512.jpeg 768w, https:\/\/pdt-rj.org.br\/wp-content\/uploads\/2019\/07\/WhatsApp-Image-2019-07-02-at-11.26.04-135x90.jpeg 135w\" sizes=\"auto, (max-width: 1024px) 100vw, 1024px\" \/><figcaption> <em>&#8220;N\u00f3s estamos terminando a pior d\u00e9cada, em mat\u00e9ria de desenvolvimento econ\u00f4mico, dos \u00faltimos 120 anos do Brasil&#8221;, avaliou Ciro Gomes<\/em><\/figcaption><\/figure>\n<p>Outro dado alarmante \u00e9 o n\u00famero de inadimplentes, que j\u00e1 chega a mais de 62 milh\u00f5es de pessoas f\u00edsicas, um problema macroecon\u00f4mico, diz Ciro, e que tamb\u00e9m atinge as micro e pequenas empresas hoje s\u00e3o mais de 5 mil inadimpl\u00eancias nesta faixa, situa\u00e7\u00e3o provocada, entre outros fatores, pelas pol\u00edticas de juros &#8220;est\u00fapidas&#8221;, na classifica\u00e7\u00e3o de Ciro.<\/p>\n<p>A falta de investimentos na \u00e1rea da sa\u00fade tamb\u00e9m trouxe dados preocupantes para o Brasil, incluindo a \u00e1rea de imunologia, que culminou na perda do Certificado Internacional de erradica\u00e7\u00e3o de sarampo, concedido ao Brasil pela Organiza\u00e7\u00e3o Pan Americana de Sa\u00fade (OPAS\/OMS), em 2016. <\/p>\n<p> A oferta de vacinas no Sistema \u00danico de Sa\u00fade (SUS) n\u00e3o tem sido suficiente para garantir a taxa desej\u00e1vel de cobertura vacinal da popula\u00e7\u00e3o.  <br \/>Em 2018, por exemplo, a cobertura vacinal era de 78,7%.\u00a0J\u00e1 em 2019, os n\u00fameros s\u00e3o de pouco mais de 57%.\u00a0 A cobertura compreende a rela\u00e7\u00e3o entre o n\u00famero de doses aplicadas de uma determinada vacina e o n\u00famero registrado ou estimado de menores de 1 ano existentes na \u00e1rea de abrang\u00eancia do Programa Nacional de Imuniza\u00e7\u00f5es (PNI).    <\/p>\n<p>Todos esses sintomas avaliados e levantados pelo Observat\u00f3rio Trabalhista, na vis\u00e3o de Ciro Gomes, apontam para o fato de que o ano de 2019 caminha para uma estagna\u00e7\u00e3o e uma recess\u00e3o.   <\/p>\n<p>Confira <a href=\"http:\/\/pdt-rj.org.br\/wp-content\/uploads\/2019\/07\/Observat\u00f3rio-Trabalhista-180-Dias-PDF-02-07-2019.pdf\"><strong>aqui<\/strong> <\/a>os n\u00fameros atualizados do Observat\u00f3rio Trabalhista.<\/p>\n<!-- AddThis Advanced Settings generic via filter on the_content --><!-- AddThis Share Buttons generic via filter on the_content -->","protected":false},"excerpt":{"rendered":"<p>O vice-presidente Nacional do PDT Ciro Gomes apresentou, nesta ter\u00e7a-feira (2), um balan\u00e7o dos seis primeiros meses do governo Bolsonaro. O encontro aconteceu na sede nacional do PDT, em Bras\u00edlia, com a presen\u00e7a do presidente nacional do PDT, Carlos Lupi, e membros da bancada federal do partido, dentre eles, o l\u00edder do PDT na C\u00e2mara,&#8230;<!-- AddThis Advanced Settings generic via filter on wp_trim_excerpt --><!-- AddThis Share Buttons generic via filter on wp_trim_excerpt --><\/p>\n","protected":false},"author":17,"featured_media":66577,"comment_status":"closed","ping_status":"closed","sticky":false,"template":"","format":"standard","meta":{"_monsterinsights_skip_tracking":false,"_monsterinsights_sitenote_active":false,"_monsterinsights_sitenote_note":"","_monsterinsights_sitenote_category":0,"_uf_show_specific_survey":0,"_uf_disable_surveys":false,"footnotes":""},"categories":[1401,976],"tags":[],"class_list":["post-66569","post","type-post","status-publish","format-standard","has-post-thumbnail","hentry","category-nacional","category-noticias-em-destaque"],"acf":[],"_links":{"self":[{"href":"https:\/\/pdt-rj.org.br\/index.php\/wp-json\/wp\/v2\/posts\/66569","targetHints":{"allow":["GET"]}}],"collection":[{"href":"https:\/\/pdt-rj.org.br\/index.php\/wp-json\/wp\/v2\/posts"}],"about":[{"href":"https:\/\/pdt-rj.org.br\/index.php\/wp-json\/wp\/v2\/types\/post"}],"author":[{"embeddable":true,"href":"https:\/\/pdt-rj.org.br\/index.php\/wp-json\/wp\/v2\/users\/17"}],"replies":[{"embeddable":true,"href":"https:\/\/pdt-rj.org.br\/index.php\/wp-json\/wp\/v2\/comments?post=66569"}],"version-history":[{"count":20,"href":"https:\/\/pdt-rj.org.br\/index.php\/wp-json\/wp\/v2\/posts\/66569\/revisions"}],"predecessor-version":[{"id":66666,"href":"https:\/\/pdt-rj.org.br\/index.php\/wp-json\/wp\/v2\/posts\/66569\/revisions\/66666"}],"wp:featuredmedia":[{"embeddable":true,"href":"https:\/\/pdt-rj.org.br\/index.php\/wp-json\/wp\/v2\/media\/66577"}],"wp:attachment":[{"href":"https:\/\/pdt-rj.org.br\/index.php\/wp-json\/wp\/v2\/media?parent=66569"}],"wp:term":[{"taxonomy":"category","embeddable":true,"href":"https:\/\/pdt-rj.org.br\/index.php\/wp-json\/wp\/v2\/categories?post=66569"},{"taxonomy":"post_tag","embeddable":true,"href":"https:\/\/pdt-rj.org.br\/index.php\/wp-json\/wp\/v2\/tags?post=66569"}],"curies":[{"name":"wp","href":"https:\/\/api.w.org\/{rel}","templated":true}]}}