{"id":66564,"date":"2019-07-02T15:21:31","date_gmt":"2019-07-02T18:21:31","guid":{"rendered":"http:\/\/pdt-rj.org.br\/?p=66564"},"modified":"2019-07-02T15:21:32","modified_gmt":"2019-07-02T18:21:32","slug":"jango-foi-um-grande-estadista-homem-generoso-pessoa-que-sabia-escutar","status":"publish","type":"post","link":"https:\/\/pdt-rj.org.br\/index.php\/jango-foi-um-grande-estadista-homem-generoso-pessoa-que-sabia-escutar\/","title":{"rendered":"&#8220;Jango foi um grande estadista, homem generoso, pessoa que sabia escutar&#8221;"},"content":{"rendered":"<p>O escritor, jornalista, historiador e professor Juremir Machado, ga\u00facho da fronteira nascido em Santana do Livramento, em 1962, n\u00e3o conheceu Jango pessoalmente &#8211; mas atrav\u00e9s da leitura de livros, documentos e depoimentos que recolheu sobre o presidente Jo\u00e3o Goulart de pessoas que conviveram com o presidente.<\/p>\n<p>Juremir \u00e9 autor, entre outros livros, de \u201cJango, a vida e a morte no ex\u00edlio\u201d \u2013 publicado em 2013 \u2013 e de outros t\u00edtulos dedicados \u00e0 hist\u00f3ria regional do Rio Grande do Sul, \u00e0 Revolu\u00e7\u00e3o de 30, aos governos de Get\u00falio Vargas, e ao movimento da Legalidade liderado por Leonel Brizola, que garantiu a posse de Jango, em 1961.<\/p>\n<p>\u201cJango foi um homem interessante, carism\u00e1tico, que chamou muito a minha aten\u00e7\u00e3o por sua sensibilidade de homem da fronteira capaz de sentar com os pe\u00f5es, conversar, ser igual e ao mesmo tempo tomar decis\u00f5es. Todos s\u00e3o iguais, mas ele \u00e9 o chefe e faz a separa\u00e7\u00e3o\u201d, explicou Juremir. <\/p>\n<p>Por conta da leitura de milhares de documentos, continuou, a sua leitura sobre ele se consolidou: <\/p>\n<p>\u201cJo\u00e3o Goulart foi uma pessoa fabulosa, injusti\u00e7ada; um grande personagem, porque ao mesmo tempo em que era qualificado para o exerc\u00edcio da presid\u00eancia, era grande ser humano com todas as contradi\u00e7\u00f5es. Era pessoa boa, generosa, capaz de cometer erros, mas capaz tamb\u00e9m de ouvir, ajudar e ter momentos de frieza. Foi um grande ser humano, verdadeiro personagem de romance com paradoxos e profundidades\u201d, elogiou.<\/p>\n<p>O tempo em que Jango governou tamb\u00e9m precisa ser levado em conta, segundo Juremir Machado, porque no Brasil do in\u00edcio dos anos 60 \u201ctudo precisava ser criado\u201d em termos de normas, porque a pol\u00edtica era clientelista: \u201ctodos pediam alguma coisa aos que ocupavam cargos\u201d, como Jo\u00e3o Goulart. Padres, oper\u00e1rios, jornalistas, pessoas que queriam transfer\u00eancias no Banco do Brasil de uma cidade para outra \u2013 \u201cmuitas vezes eram necess\u00e1rias concess\u00f5es ao advers\u00e1rio para que se conseguisse um m\u00ednimo de governabilidade\u201d.<\/p>\n<p>E Jango se concentrou nas reformas que o Brasil precisava para deixar de ser um pa\u00eds atrasado, embora a elite e a m\u00eddia fossem contra. Havia um antagonismo muito grande entre a maioria da popula\u00e7\u00e3o e a pequena elite, sem existir praticamente uma classe m\u00e9dia. Jango quis construir um pa\u00eds adequado a todos, promovendo as reformas de base \u2013 agr\u00e1ria, educacional, banc\u00e1ria, de moradia \u2013 come\u00e7ando pela reforma agr\u00e1ria, no Brasil rural da \u00e9poca.<\/p>\n<p>\u201cJango decidiu fazer no campo o que o pr\u00f3prio Get\u00falio n\u00e3o fizera, dando o grande salto da reforma agr\u00e1ria\u201d. E ficou espremido, segundo Juremir, entre a direita que achava que a reforma agr\u00e1ria era comunista e as for\u00e7as de esquerda, que achavam que ele esta indo devagar demais.<\/p>\n<p>A Legalidade, na opini\u00e3o de Juremir, \u201ctalvez tenha sido o momento mais honroso da pol\u00edtica e da imprensa brasileira por conta da grande sacada de Brizola de tomar a r\u00e1dio Gua\u00edba, formar a rede e defender o que era l\u00edquido e certo: o direito de Jango de assumir a presid\u00eancia da Rep\u00fablica\u201d. <\/p>\n<p>Acrescentou: \u201cQuando algu\u00e9m est\u00e1 dizendo a verdade de maneira inflamada, isto contamina as pessoas. Brizola estava dizendo a verdade: a posse de Jango era direito; e qualquer forma de impedir isto era golpe\u201d.<\/p>\n<p>A Cadeia da Legalidade \u2013 que espontaneamente reuniu cerca de 120 emissoras espalhadas por todo o Brasil, retransmitindo o sinal da Gua\u00edba \u2013 \u201cfoi uma ideia espetacular, porque Brizola fez das r\u00e1dios as redes sociais da \u00e9poca, atingindo o pa\u00eds inteiro e levando Jango ao poder\u201d. Depois vieram as diferen\u00e7as, mas, para Juremir, a atitude de Brizola \u201cfoi determinante para que Jango tivesse o direito garantido. Sem Brizola Jango n\u00e3o ganhava\u201d.<\/p>\n<p>No in\u00edcio da rebeli\u00e3o da Legalidade \u201cnem Brizola tinha convic\u00e7\u00e3o de que seria capaz de ganhar a parada muito desigual, mesmo quando o III Ex\u00e9rcito aderiu \u00e0 Legalidade\u201d. Por isto, Juremir considera que Jango teve dois grandes momentos como estadista: quando evitou a guerra civil no epis\u00f3dio da Legalidade, ao aceitar a solu\u00e7\u00e3o parlamentarista; e ao n\u00e3o lutar contra os golpistas de 64. \u201cEle se mostra maior quando resiste ao que deveria fazer\u201d, argumentou, embora Brizola tenha sido contra nas duas ocasi\u00f5es.<\/p>\n<p>Em 1964, destacou, Jango acreditava que o golpe seria de curta dura\u00e7\u00e3o \u2013 como foi o que derrubou Get\u00falio em 1945. \u201cEle n\u00e3o imaginava que a ditadura iria durar 20 anos e que acabaria morrendo no ex\u00edlio\u201d. <\/p>\n<p>Das reformas de base, avalia que a reforma agr\u00e1ria era a mais importante foi a que, de fato, levou a queda de Jango. \u201cO Brasil na \u00e9poca n\u00e3o tinha mercado interno consolidado, a ind\u00fastria tinha dificuldades para se desenvolver\u201d, por conta da popula\u00e7\u00e3o analfabeta e majoritariamente rural.<\/p>\n<p>A reforma agr\u00e1ria necessariamente ajudaria a construir uma classe m\u00e9dia, mas ela assustou a elite e a imprensa, porque a revolu\u00e7\u00e3o cubana ainda era not\u00edcia muito quente e os Estados Unidos temiam a cubaniza\u00e7\u00e3o do Brasil \u2013 que poderia contaminar, no ponto de vista deles, toda a Am\u00e9rica Latina.<\/p>\n<p>Jango era um trabalhista \u201cna mais pura acep\u00e7\u00e3o do Trabalhismo: da divis\u00e3o entre o capital e trabalho; porque n\u00e3o concordava com a ideia de que os ricos deveriam ficar com 99% da riqueza, deixando apenas 1% para o resto da popula\u00e7\u00e3o\u201d.<\/p>\n<p>Exatamente por este fato, Juremir Machado considera Jango \u201cum homem \u00e0 frente de seu tempo\u201d. E os militares, depois do fiasco de 1961, se prepararam meticulosamente para o golpe de 1964, cujo estopim foi o com\u00edcio da Central do Brasil. \u201cJango saiu dali deposto, o golpe passou a ser quest\u00e3o de dias. Nele Jango atingiu o seu apogeu ao decidir dar o grande salto, decis\u00e3o que acionou todas as for\u00e7as contr\u00e1rias a ele que, 17 dias depois, deram o golpe\u201d. <\/p>\n<p>Juremir Machado, ao encerrar o seu depoimento sobre Jango, o definiu como \u201cum grande estadista, homem generoso, pessoa que sabia escutar\u201d.<\/p>\n<p>Confira a entrevista completa abaixo:<\/p>\n<figure class=\"wp-block-embed-youtube wp-block-embed is-type-video is-provider-youtube wp-embed-aspect-16-9 wp-has-aspect-ratio\">\n<div class=\"wp-block-embed__wrapper\">\n<iframe loading=\"lazy\" title=\"JUREMIR MACHADO: &quot;JANGO FOI UM ESTADISTA GENEROSO, QUE SABIA ESCUTAR.&quot;\" width=\"640\" height=\"360\" src=\"https:\/\/www.youtube.com\/embed\/LJFMqR3itDU?feature=oembed\" frameborder=\"0\" allow=\"accelerometer; autoplay; clipboard-write; encrypted-media; gyroscope; picture-in-picture; web-share\" referrerpolicy=\"strict-origin-when-cross-origin\" allowfullscreen><\/iframe>\n<\/div>\n<\/figure>\n<!-- AddThis Advanced Settings generic via filter on the_content --><!-- AddThis Share Buttons generic via filter on the_content -->","protected":false},"excerpt":{"rendered":"<p>O escritor, jornalista, historiador e professor Juremir Machado, ga\u00facho da fronteira nascido em Santana do Livramento, em 1962, n\u00e3o conheceu Jango pessoalmente &#8211; mas atrav\u00e9s da leitura de livros, documentos e depoimentos que recolheu sobre o presidente Jo\u00e3o Goulart de pessoas que conviveram com o presidente. Juremir \u00e9 autor, entre outros livros, de \u201cJango, a&#8230;<!-- AddThis Advanced Settings generic via filter on wp_trim_excerpt --><!-- AddThis Share Buttons generic via filter on wp_trim_excerpt --><\/p>\n","protected":false},"author":17,"featured_media":66571,"comment_status":"closed","ping_status":"closed","sticky":false,"template":"","format":"standard","meta":{"_monsterinsights_skip_tracking":false,"_monsterinsights_sitenote_active":false,"_monsterinsights_sitenote_note":"","_monsterinsights_sitenote_category":0,"_uf_show_specific_survey":0,"_uf_disable_surveys":false,"footnotes":""},"categories":[1390,3230],"tags":[],"class_list":["post-66564","post","type-post","status-publish","format-standard","has-post-thumbnail","hentry","category-editorias","category-centenario-de-jango"],"acf":[],"_links":{"self":[{"href":"https:\/\/pdt-rj.org.br\/index.php\/wp-json\/wp\/v2\/posts\/66564","targetHints":{"allow":["GET"]}}],"collection":[{"href":"https:\/\/pdt-rj.org.br\/index.php\/wp-json\/wp\/v2\/posts"}],"about":[{"href":"https:\/\/pdt-rj.org.br\/index.php\/wp-json\/wp\/v2\/types\/post"}],"author":[{"embeddable":true,"href":"https:\/\/pdt-rj.org.br\/index.php\/wp-json\/wp\/v2\/users\/17"}],"replies":[{"embeddable":true,"href":"https:\/\/pdt-rj.org.br\/index.php\/wp-json\/wp\/v2\/comments?post=66564"}],"version-history":[{"count":4,"href":"https:\/\/pdt-rj.org.br\/index.php\/wp-json\/wp\/v2\/posts\/66564\/revisions"}],"predecessor-version":[{"id":66573,"href":"https:\/\/pdt-rj.org.br\/index.php\/wp-json\/wp\/v2\/posts\/66564\/revisions\/66573"}],"wp:featuredmedia":[{"embeddable":true,"href":"https:\/\/pdt-rj.org.br\/index.php\/wp-json\/wp\/v2\/media\/66571"}],"wp:attachment":[{"href":"https:\/\/pdt-rj.org.br\/index.php\/wp-json\/wp\/v2\/media?parent=66564"}],"wp:term":[{"taxonomy":"category","embeddable":true,"href":"https:\/\/pdt-rj.org.br\/index.php\/wp-json\/wp\/v2\/categories?post=66564"},{"taxonomy":"post_tag","embeddable":true,"href":"https:\/\/pdt-rj.org.br\/index.php\/wp-json\/wp\/v2\/tags?post=66564"}],"curies":[{"name":"wp","href":"https:\/\/api.w.org\/{rel}","templated":true}]}}