{"id":66433,"date":"2019-06-26T00:53:34","date_gmt":"2019-06-26T03:53:34","guid":{"rendered":"http:\/\/pdt-rj.org.br\/?p=66433"},"modified":"2019-07-01T15:55:57","modified_gmt":"2019-07-01T18:55:57","slug":"nao-havera-aposentadoria-para-os-estados-mais-pobres-afirma-ciro-sobre-reforma-da-previdencia","status":"publish","type":"post","link":"https:\/\/pdt-rj.org.br\/index.php\/nao-havera-aposentadoria-para-os-estados-mais-pobres-afirma-ciro-sobre-reforma-da-previdencia\/","title":{"rendered":"&#8220;N\u00e3o haver\u00e1 aposentadoria para os estados mais pobres&#8221;, afirma Ciro sobre reforma da Previd\u00eancia"},"content":{"rendered":"<p>Em reuni\u00e3o realizada na noite dessa ter\u00e7a-feira (25), o PDT ratificou o fechamento de quest\u00e3o contra a proposta de reforma da Previd\u00eancia do Governo. Conduzido pelo presidente nacional da legenda, Carlos Lupi, e pelo vice-presidente nacional, Ciro Gomes,  o encontro aconteceu na sede nacional do partido, em Bras\u00edlia, com a bancada federal pedetista na C\u00e2mara dos Deputados e no Senado.<\/p>\n<p>V\u00e1rios pontos da atual conjuntura pol\u00edtica e econ\u00f4mica do Pa\u00eds foram discutidos na reuni\u00e3o, que teve como principal objetivo alinhar as a\u00e7\u00f5es dos parlamentares do partido no Congresso Nacional, em rela\u00e7\u00e3o aos posicionamentos da legenda pr\u00e9-definidos pela Executiva Nacional. <\/p>\n<p>O PDT permanece contr\u00e1rio \u00e0 proposta de reforma da Previd\u00eancia, mesmo ap\u00f3s o relat\u00f3rio substitutivo \u00e0 PEC 6\/19, apresentado pelo deputado Samuel Moreira (PSDB-SP), porque, no entendimento do partido, embora o relat\u00f3rio traga altera\u00e7\u00f5es significativas na proposta inicial do Governo, o texto preserva muitos pontos graves e acrescenta itens ainda mais prejudiciais aos trabalhadores mais pobres.<\/p>\n<p>&#8220;N\u00e3o estamos nos recusando a reconhecer que h\u00e1 um problema&#8221;, ponderou Ciro, ao explicar que, no entanto, essa vers\u00e3o da reforma proposta n\u00e3o produz os efeitos necess\u00e1rios para o crescimento econ\u00f4mico do Pa\u00eds e nem para o efeito fiscal das contas p\u00fablicas, al\u00e9m de n\u00e3o solucionar o problema do desemprego que assola a Na\u00e7\u00e3o.<\/p>\n<p>Na vis\u00e3o de Ciro, que tem viajado pelo Brasil explicando para a popula\u00e7\u00e3o os aspectos negativos da reforma apresentada pelo Governo e as solu\u00e7\u00f5es propostas pelo PDT,  dentre outras quest\u00f5es, o povo est\u00e1 amedrontado ante \u00e0 possibilidade de uma poss\u00edvel quebra do Pa\u00eds, caso a reforma n\u00e3o seja aprovada, devido \u00e0s propagandas disseminadas pelo Governo Federal e por outros segmentos.<\/p>\n<p>Ciro tamb\u00e9m mencionou uma recente fala do pr\u00f3prio secret\u00e1rio do Tesouro Nacional, admitindo que, ainda que a atual proposta seja aprovada, justamente por ela n\u00e3o promover os ajustes econ\u00f4mico e fiscal necess\u00e1rios, n\u00e3o haver\u00e1 condi\u00e7\u00e3o de investimentos no Brasil pelos pr\u00f3ximos dois ou tr\u00eas anos. <\/p>\n<p>&#8220;Mas vai ter um efeito destrutivo junto \u00e0 popula\u00e7\u00e3o, quando come\u00e7arem a entender que as duas condicionalidades simult\u00e2neas, de idade m\u00ednima mais 40 anos ininterruptos de contribui\u00e7\u00e3o, s\u00e3o devastadoras para o povo mais pobre do Brasil&#8221;, alertou Ciro. <\/p>\n<p>De acordo com o pedetista, dados do Instituto Brasileiro de Geografia e Estat\u00edstica (IBGE) mostram que, em m\u00e9dia, em 40 anos, o trabalhador brasileiro fica oito sem carteira assinada. A matem\u00e1tica desses n\u00fameros, calcula Ciro, revela que a idade m\u00e9dia de aposentadoria subiria, na pr\u00e1tica, para os 73 anos.<\/p>\n<p>&#8220;Ou seja, n\u00e3o haver\u00e1 aposentadoria para os estados mais pobres, e isso, a fixa ainda n\u00e3o caiu&#8221;, observa.<\/p>\n<p>Complementando as coloca\u00e7\u00f5es de Ciro, o deputado federal Andr\u00e9 Figueiredo, l\u00edder do PDT na C\u00e2mara, apresentou outros motivos pelos quais o partido permanece contra o atual texto de reforma da Previd\u00eancia, inclusive ap\u00f3s o relat\u00f3rio substitutivo.<\/p>\n<p>&#8220;Essa proposta \u00e9 ainda pior do que a PEC do Governo. Primeiro porque ela desconstitucionaliza a lei ordin\u00e1ria, e esse \u00e9 um ponto fatal das quest\u00f5es previdenci\u00e1rias do Brasil&#8221;, frisou o l\u00edder.<\/p>\n<!-- AddThis Advanced Settings generic via filter on the_content --><!-- AddThis Share Buttons generic via filter on the_content -->","protected":false},"excerpt":{"rendered":"<p>Em reuni\u00e3o realizada na noite dessa ter\u00e7a-feira (25), o PDT ratificou o fechamento de quest\u00e3o contra a proposta de reforma da Previd\u00eancia do Governo. Conduzido pelo presidente nacional da legenda, Carlos Lupi, e pelo vice-presidente nacional, Ciro Gomes, o encontro aconteceu na sede nacional do partido, em Bras\u00edlia, com a bancada federal pedetista na C\u00e2mara&#8230;<!-- AddThis Advanced Settings generic via filter on wp_trim_excerpt --><!-- AddThis Share Buttons generic via filter on wp_trim_excerpt --><\/p>\n","protected":false},"author":17,"featured_media":66436,"comment_status":"closed","ping_status":"closed","sticky":false,"template":"","format":"standard","meta":{"_monsterinsights_skip_tracking":false,"_monsterinsights_sitenote_active":false,"_monsterinsights_sitenote_note":"","_monsterinsights_sitenote_category":0,"_uf_show_specific_survey":0,"_uf_disable_surveys":false,"footnotes":""},"categories":[1390],"tags":[],"class_list":["post-66433","post","type-post","status-publish","format-standard","has-post-thumbnail","hentry","category-editorias"],"acf":[],"_links":{"self":[{"href":"https:\/\/pdt-rj.org.br\/index.php\/wp-json\/wp\/v2\/posts\/66433","targetHints":{"allow":["GET"]}}],"collection":[{"href":"https:\/\/pdt-rj.org.br\/index.php\/wp-json\/wp\/v2\/posts"}],"about":[{"href":"https:\/\/pdt-rj.org.br\/index.php\/wp-json\/wp\/v2\/types\/post"}],"author":[{"embeddable":true,"href":"https:\/\/pdt-rj.org.br\/index.php\/wp-json\/wp\/v2\/users\/17"}],"replies":[{"embeddable":true,"href":"https:\/\/pdt-rj.org.br\/index.php\/wp-json\/wp\/v2\/comments?post=66433"}],"version-history":[{"count":42,"href":"https:\/\/pdt-rj.org.br\/index.php\/wp-json\/wp\/v2\/posts\/66433\/revisions"}],"predecessor-version":[{"id":66565,"href":"https:\/\/pdt-rj.org.br\/index.php\/wp-json\/wp\/v2\/posts\/66433\/revisions\/66565"}],"wp:featuredmedia":[{"embeddable":true,"href":"https:\/\/pdt-rj.org.br\/index.php\/wp-json\/wp\/v2\/media\/66436"}],"wp:attachment":[{"href":"https:\/\/pdt-rj.org.br\/index.php\/wp-json\/wp\/v2\/media?parent=66433"}],"wp:term":[{"taxonomy":"category","embeddable":true,"href":"https:\/\/pdt-rj.org.br\/index.php\/wp-json\/wp\/v2\/categories?post=66433"},{"taxonomy":"post_tag","embeddable":true,"href":"https:\/\/pdt-rj.org.br\/index.php\/wp-json\/wp\/v2\/tags?post=66433"}],"curies":[{"name":"wp","href":"https:\/\/api.w.org\/{rel}","templated":true}]}}